{"id":322780,"date":"2025-08-16T11:22:11","date_gmt":"2025-08-16T11:22:11","guid":{"rendered":"https:\/\/www.europesays.com\/fr\/322780\/"},"modified":"2025-08-16T11:22:11","modified_gmt":"2025-08-16T11:22:11","slug":"motogp-marco-bezzecchi-signe-la-pole-du-gp-dautriche-et-de-la-course-sprint","status":"publish","type":"post","link":"https:\/\/www.europesays.com\/fr\/322780\/","title":{"rendered":"MotoGP &#8211; Marco Bezzecchi signe la pole du GP d&rsquo;Autriche et de la course sprint"},"content":{"rendered":"<p><img decoding=\"async\" class=\"w-full object-contain\" style=\"aspect-ratio:150 \/ 100;opacity:1\" alt=\"MotoGP - Marco Bezzecchi signe la pole du GP d'Autriche et de la course sprint\" width=\"512\" height=\"341\" fetchpriority=\"high\" src=\"https:\/\/www.europesays.com\/fr\/wp-content\/uploads\/2025\/08\/6HA44XN2TBBLJGBTYSEWEJXTNI.jpg\"  \/><\/p>\n<p class=\"ap-StoryElement ap-StoryElement--mb ap-StoryText\">Sur le court circuit du Red Bull Ring (4,35 km) \u00e0 Spielberg, le pilote Aprilia a sign\u00e9 la cinqui\u00e8me pole position de sa carri\u00e8re, sa premi\u00e8re depuis 2023.<\/p>\n<p class=\"ap-StoryElement ap-StoryElement--mb ap-StoryText\">Il s&rsquo;\u00e9lancera en premi\u00e8re ligne devant l&rsquo;Espagnol Alex Marquez (Ducati-Gresini), devanc\u00e9 de 16 milli\u00e8mes, et son compatriote italien Francesco Bagnaia, vainqueur des trois derni\u00e8res \u00e9ditions du GP avec Ducati, 3e chrono \u00e0 142 milli\u00e8mes.<\/p>\n<p class=\"ap-StoryElement ap-StoryElement--mb ap-StoryText\">Le poleman a d\u00fb passer par les rep\u00eachages (Q1) plus t\u00f4t dans la matin\u00e9e pour pouvoir participer \u00e0 la deuxi\u00e8me partie des qualifications (Q2), o\u00f9 se joue la pole parmi les douze pilotes les plus rapides.<\/p>\n","protected":false},"excerpt":{"rendered":"Sur le court circuit du Red Bull Ring (4,35 km) \u00e0 Spielberg, le pilote Aprilia a sign\u00e9 la&hellip;\n","protected":false},"author":2,"featured_media":2837,"comment_status":"","ping_status":"","sticky":false,"template":"","format":"standard","meta":{"footnotes":""},"categories":[1413],"tags":[1011,27,1457,1456,35295,1458,60],"class_list":{"0":"post-322780","1":"post","2":"type-post","3":"status-publish","4":"format-standard","5":"has-post-thumbnail","7":"category-moto","8":"tag-fr","9":"tag-france","10":"tag-moto","11":"tag-motocycle","12":"tag-motocyclisme","13":"tag-motogp","14":"tag-sports"},"share_on_mastodon":{"url":"https:\/\/pubeurope.com\/@fr\/115038187947308020","error":""},"_links":{"self":[{"href":"https:\/\/www.europesays.com\/fr\/wp-json\/wp\/v2\/posts\/322780","targetHints":{"allow":["GET"]}}],"collection":[{"href":"https:\/\/www.europesays.com\/fr\/wp-json\/wp\/v2\/posts"}],"about":[{"href":"https:\/\/www.europesays.com\/fr\/wp-json\/wp\/v2\/types\/post"}],"author":[{"embeddable":true,"href":"https:\/\/www.europesays.com\/fr\/wp-json\/wp\/v2\/users\/2"}],"replies":[{"embeddable":true,"href":"https:\/\/www.europesays.com\/fr\/wp-json\/wp\/v2\/comments?post=322780"}],"version-history":[{"count":0,"href":"https:\/\/www.europesays.com\/fr\/wp-json\/wp\/v2\/posts\/322780\/revisions"}],"wp:featuredmedia":[{"embeddable":true,"href":"https:\/\/www.europesays.com\/fr\/wp-json\/wp\/v2\/media\/2837"}],"wp:attachment":[{"href":"https:\/\/www.europesays.com\/fr\/wp-json\/wp\/v2\/media?parent=322780"}],"wp:term":[{"taxonomy":"category","embeddable":true,"href":"https:\/\/www.europesays.com\/fr\/wp-json\/wp\/v2\/categories?post=322780"},{"taxonomy":"post_tag","embeddable":true,"href":"https:\/\/www.europesays.com\/fr\/wp-json\/wp\/v2\/tags?post=322780"}],"curies":[{"name":"wp","href":"https:\/\/api.w.org\/{rel}","templated":true}]}}