{"id":322781,"date":"2025-08-16T11:23:10","date_gmt":"2025-08-16T11:23:10","guid":{"rendered":"https:\/\/www.europesays.com\/fr\/322781\/"},"modified":"2025-08-16T11:23:10","modified_gmt":"2025-08-16T11:23:10","slug":"villarreal-rend-hommage-a-son-ancien-joueur-santi-cazorla-pour-son-retour-en-liga","status":"publish","type":"post","link":"https:\/\/www.europesays.com\/fr\/322781\/","title":{"rendered":"Villarreal rend hommage \u00e0 son ancien joueur Santi Cazorla pour son retour en Liga"},"content":{"rendered":"<p>Cinq ans apr\u00e8s son d\u00e9part, le milieu de terrain espagnol de 40 ans a \u00e9t\u00e9 honor\u00e9 par l\u2019Est\u00e1dio de la Cer\u00e1mica avant le coup d\u2019envoi de la rencontre face au Real Oviedo, son club actuel.<\/p>\n<p class=\"fig-paragraph\">Une derni\u00e8re saison en guise de tourn\u00e9e d\u2019adieu. Vendredi soir \u00e0 l\u2019Est\u00e1dio de la Cer\u00e1mica, Santi Cazorla faisait son retour en Liga cinq ans apr\u00e8s l\u2019avoir quitt\u00e9, avec son club formateur d\u2019Oviedo,\u00a0<a href=\"http:\/\/www.lefigaro.fr\/sports\/football\/espagne\/foot-a-40-ans-santi-cazorla-fait-remonter-son-club-formateur-du-real-oviedo-en-liga-20250623\" data-fig-type=\"NewsFlash\" data-gtm-custom-categorie=\"navigation\" data-gtm-custom-action=\"crossclick\" data-gtm-custom-label=\"Contextuel\" data-gtm-event=\"customEventSPE\" data-fig-domain=\"LEFIGARO\" target=\"_blank\" rel=\"noopener\">qu\u2019il a contribu\u00e9 \u00e0 faire remonter dans l\u2019\u00e9lite la saison derni\u00e8re<\/a>. Comme un symbole, le milieu de terrain affrontait son ancien club, Villarreal, d\u00e8s\u00a0<a href=\"https:\/\/www.lefigaro.fr\/sports\/football\/liga\/calendrier-resultats\" target=\"_blank\" rel=\"nofollow noopener\" data-gtm-custom-categorie=\"navigation\" data-gtm-custom-action=\"crossclick\" data-gtm-custom-label=\"Contextuel\" data-gtm-event=\"customEventSPE\">la premi\u00e8re journ\u00e9e<\/a>. Un club o\u00f9 il a compil\u00e9 334 apparitions en trois passages (2003-2006, 2007-2011, 2018-2020).<\/p>\n<p class=\"fig-paragraph\">Avant le coup d\u2019envoi, les supporters du \u00ab<a href=\"http:\/\/www.lefigaro.fr\/sports\/football\/espagne\/liga-la-federation-espagnole-donne-son-accord-pour-la-delocalisation-du-match-villarreal-barcelone-a-miami-20250811\" data-fig-type=\"NewsFlash\" data-gtm-custom-categorie=\"navigation\" data-gtm-custom-action=\"crossclick\" data-gtm-custom-label=\"Contextuel\" data-gtm-event=\"customEventSPE\" data-fig-domain=\"LEFIGARO\" target=\"_blank\" rel=\"noopener\">Sous-Marin jaune<\/a>\u00bb lui ont offert un accueil digne d\u2019une rock star, tandis qu\u2019un maillot lui a \u00e9t\u00e9 remis par son ancien co\u00e9quipier et ambassadeur du club Marcos Senna. Le double champion d\u2019Europe est ensuite rentr\u00e9 \u00e0 cinq minutes de la fin du match mais il n\u2019a pu emp\u00eacher le Real Oviedo de s\u2019incliner 2-0. Alors qu\u2019il aura 41 ans le 13 d\u00e9cembre prochain, Cazorla a d\u00e9cid\u00e9\u00a0<a href=\"http:\/\/www.lefigaro.fr\/sports\/football\/espagne\/liga-a-40-ans-santi-cazorla-prolonge-le-plaisir-avec-oviedo-son-club-formateur-20250713\" data-fig-type=\"NewsFlash\" data-gtm-custom-categorie=\"navigation\" data-gtm-custom-action=\"crossclick\" data-gtm-custom-label=\"Contextuel\" data-gtm-event=\"customEventSPE\" data-fig-domain=\"LEFIGARO\" target=\"_blank\" rel=\"noopener\">de prolonger d\u2019une saison<\/a>\u00a0pour tenter de maintenir son club dans l\u2019\u00e9lite espagnole.<\/p>\n","protected":false},"excerpt":{"rendered":"Cinq ans apr\u00e8s son d\u00e9part, le milieu de terrain espagnol de 40 ans a \u00e9t\u00e9 honor\u00e9 par l\u2019Est\u00e1dio&hellip;\n","protected":false},"author":2,"featured_media":322782,"comment_status":"","ping_status":"","sticky":false,"template":"","format":"standard","meta":{"footnotes":""},"categories":[1412],"tags":[1451,1452,1453,1454,1455,1011,27,453,60],"class_list":{"0":"post-322781","1":"post","2":"type-post","3":"status-publish","4":"format-standard","5":"has-post-thumbnail","7":"category-f1","8":"tag-f1","9":"tag-formula-1","10":"tag-formula1","11":"tag-formule-1","12":"tag-formule1","13":"tag-fr","14":"tag-france","15":"tag-liga","16":"tag-sports"},"share_on_mastodon":{"url":"https:\/\/pubeurope.com\/@fr\/115038191841718549","error":""},"_links":{"self":[{"href":"https:\/\/www.europesays.com\/fr\/wp-json\/wp\/v2\/posts\/322781","targetHints":{"allow":["GET"]}}],"collection":[{"href":"https:\/\/www.europesays.com\/fr\/wp-json\/wp\/v2\/posts"}],"about":[{"href":"https:\/\/www.europesays.com\/fr\/wp-json\/wp\/v2\/types\/post"}],"author":[{"embeddable":true,"href":"https:\/\/www.europesays.com\/fr\/wp-json\/wp\/v2\/users\/2"}],"replies":[{"embeddable":true,"href":"https:\/\/www.europesays.com\/fr\/wp-json\/wp\/v2\/comments?post=322781"}],"version-history":[{"count":0,"href":"https:\/\/www.europesays.com\/fr\/wp-json\/wp\/v2\/posts\/322781\/revisions"}],"wp:featuredmedia":[{"embeddable":true,"href":"https:\/\/www.europesays.com\/fr\/wp-json\/wp\/v2\/media\/322782"}],"wp:attachment":[{"href":"https:\/\/www.europesays.com\/fr\/wp-json\/wp\/v2\/media?parent=322781"}],"wp:term":[{"taxonomy":"category","embeddable":true,"href":"https:\/\/www.europesays.com\/fr\/wp-json\/wp\/v2\/categories?post=322781"},{"taxonomy":"post_tag","embeddable":true,"href":"https:\/\/www.europesays.com\/fr\/wp-json\/wp\/v2\/tags?post=322781"}],"curies":[{"name":"wp","href":"https:\/\/api.w.org\/{rel}","templated":true}]}}