{"id":322783,"date":"2025-08-16T11:24:25","date_gmt":"2025-08-16T11:24:25","guid":{"rendered":"https:\/\/www.europesays.com\/fr\/322783\/"},"modified":"2025-08-16T11:24:25","modified_gmt":"2025-08-16T11:24:25","slug":"cyclisme-criterium-lenny-martinez-vainqueur-du-mythique-criterium-de-quillan","status":"publish","type":"post","link":"https:\/\/www.europesays.com\/fr\/322783\/","title":{"rendered":"Cyclisme. Crit\u00e9rium &#8211; Lenny Martinez vainqueur du mythique Crit\u00e9rium de Quillan"},"content":{"rendered":"<p>Le 15 ao\u00fbt \u00e0 Quillan, <strong>Lenny Martinez<\/strong> a inscrit son nom au palmar\u00e8s du plus ancien Crit\u00e9rium de France, l\u00e0 o\u00f9 son grand-p\u00e8re Mariano et son p\u00e8re <strong>Miguel <\/strong>n\u2019avaient jamais r\u00e9ussi \u00e0 s\u2019imposer, le <strong><a href=\"https:\/\/www.cyclismactu.net\/..\/news-criterium-route-resultats-et-programme-des-criteriums-d-apres-tour-de-france-89338.html\" target=\"_blank\" rel=\"nofollow noopener\">Crit\u00e9rium de Quillan<\/a><\/strong>. \u00c0 22 ans, le grimpeur de poche de la <strong>Bahrain Victorious<\/strong>, d\u00e9j\u00e0 vainqueur d\u2019\u00e9tapes en 2025 sur <strong>Paris-Nice<\/strong>, le <strong>Tour de Romandie<\/strong> et le C<strong>rit\u00e9rium du Dauphin\u00e9<\/strong>, a offert \u00e0 sa lign\u00e9e un succ\u00e8s symbolique.<\/p>\n<p>Vid\u00e9o &#8211; Lenny Martinez sur le Tour de France Lire la suite de l&rsquo;article&#13;<\/p>\n<p>\u00a0<\/p>\n<p>&#13;<br \/>\nJordan Jegat et Yukiya Arashiro sur le podium&#13;<\/p>\n<p>Dans une course marqu\u00e9e par la chaleur et le rythme effr\u00e9n\u00e9, <strong>Jordan Jegat<\/strong>\u00a0(TotalEnergies) a longtemps sembl\u00e9 tenir la victoire avant que <strong>Martinez<\/strong>, opportuniste et solide dans le final, ne s\u2019\u00e9chappe seul \u00e0 l\u2019entr\u00e9e du boulevard Jean Bourrel pour lever les bras. \u00ab\u00a0Je pensais que Jordan allait gagner, mais j\u2019avais de bonnes jambes\u00a0\u00bb, souriait-il \u00e0 l\u2019arriv\u00e9e.<\/p>\n<p>&#13;<\/p>\n<p><strong>Jegat <\/strong>prend la deuxi\u00e8me place avec le sourire, devant <strong>Yukiya Arashiro<\/strong>\u00a0(Team Solution Tech-Vini Fantini). L\u2019enfant du pays, <strong>Eroan Punzano<\/strong> (18 ans, Team 31 Specialized), s\u2019est distingu\u00e9 en remportant le sprint du peloton, terminant cinqui\u00e8me et premier amateur.<\/p>\n","protected":false},"excerpt":{"rendered":"Le 15 ao\u00fbt \u00e0 Quillan, Lenny Martinez a inscrit son nom au palmar\u00e8s du plus ancien Crit\u00e9rium de&hellip;\n","protected":false},"author":2,"featured_media":322784,"comment_status":"","ping_status":"","sticky":false,"template":"","format":"standard","meta":{"footnotes":""},"categories":[1411],"tags":[42572,1154,207,211,1011,27,209,60,210,212,208,213],"class_list":{"0":"post-322783","1":"post","2":"type-post","3":"status-publish","4":"format-standard","5":"has-post-thumbnail","7":"category-cyclisme","8":"tag-criterium","9":"tag-cycling","10":"tag-cyclisme","11":"tag-ffc","12":"tag-fr","13":"tag-france","14":"tag-route","15":"tag-sports","16":"tag-tour-de-france","17":"tag-uci","18":"tag-velo","19":"tag-world-tour"},"share_on_mastodon":{"url":"https:\/\/pubeurope.com\/@fr\/115038195776614459","error":""},"_links":{"self":[{"href":"https:\/\/www.europesays.com\/fr\/wp-json\/wp\/v2\/posts\/322783","targetHints":{"allow":["GET"]}}],"collection":[{"href":"https:\/\/www.europesays.com\/fr\/wp-json\/wp\/v2\/posts"}],"about":[{"href":"https:\/\/www.europesays.com\/fr\/wp-json\/wp\/v2\/types\/post"}],"author":[{"embeddable":true,"href":"https:\/\/www.europesays.com\/fr\/wp-json\/wp\/v2\/users\/2"}],"replies":[{"embeddable":true,"href":"https:\/\/www.europesays.com\/fr\/wp-json\/wp\/v2\/comments?post=322783"}],"version-history":[{"count":0,"href":"https:\/\/www.europesays.com\/fr\/wp-json\/wp\/v2\/posts\/322783\/revisions"}],"wp:featuredmedia":[{"embeddable":true,"href":"https:\/\/www.europesays.com\/fr\/wp-json\/wp\/v2\/media\/322784"}],"wp:attachment":[{"href":"https:\/\/www.europesays.com\/fr\/wp-json\/wp\/v2\/media?parent=322783"}],"wp:term":[{"taxonomy":"category","embeddable":true,"href":"https:\/\/www.europesays.com\/fr\/wp-json\/wp\/v2\/categories?post=322783"},{"taxonomy":"post_tag","embeddable":true,"href":"https:\/\/www.europesays.com\/fr\/wp-json\/wp\/v2\/tags?post=322783"}],"curies":[{"name":"wp","href":"https:\/\/api.w.org\/{rel}","templated":true}]}}