{"id":322790,"date":"2025-08-16T11:28:12","date_gmt":"2025-08-16T11:28:12","guid":{"rendered":"https:\/\/www.europesays.com\/fr\/322790\/"},"modified":"2025-08-16T11:28:12","modified_gmt":"2025-08-16T11:28:12","slug":"royaumeix-bernard-forin-dedicace-ce-dimanche","status":"publish","type":"post","link":"https:\/\/www.europesays.com\/fr\/322790\/","title":{"rendered":"Royaumeix. Bernard Forin d\u00e9dicace ce dimanche"},"content":{"rendered":"<p>Apr\u00e8s-midi litt\u00e9rature en pr\u00e9sence de Bernard Forin qui viendra d\u00e9dicacer son nouveau livre \u00c9tranger mon ami, mon fr\u00e8re , avec des chants adapt\u00e9s au titre, \u00e0 la Maison Saint-G\u00e9rard, ce dimanche 17\u00a0ao\u00fbt, \u00e0 15\u00a0h. Un titre qui invite \u00e0 la fraternit\u00e9 comme les papes Fran\u00e7ois et L\u00e9on le pr\u00e9conisent. Un privil\u00e8ge pour les \u00e2mes en qu\u00eate de savoir de rencontrer et de discuter avec l\u2019auteur. <\/p>\n<p> Ce dimanche 17\u00a0ao\u00fbt, \u00e0 15\u00a0h, maison Saint-G\u00e9rard, 16 bis rue Pasteur<\/p>\n","protected":false},"excerpt":{"rendered":"Apr\u00e8s-midi litt\u00e9rature en pr\u00e9sence de Bernard Forin qui viendra d\u00e9dicacer son nouveau livre \u00c9tranger mon ami, mon fr\u00e8re&hellip;\n","protected":false},"author":2,"featured_media":322791,"comment_status":"","ping_status":"","sticky":false,"template":"","format":"standard","meta":{"footnotes":""},"categories":[1357],"tags":[1379,11735,1687,58,1705,59,1011,27,1380,2410,46041],"class_list":{"0":"post-322790","1":"post","2":"type-post","3":"status-publish","4":"format-standard","5":"has-post-thumbnail","7":"category-livres","8":"tag-books","9":"tag-cc-terres-touloises-54d","10":"tag-culture-loisirs","11":"tag-divertissement","12":"tag-edition-toul","13":"tag-entertainment","14":"tag-fr","15":"tag-france","16":"tag-livres","17":"tag-livres-bd","18":"tag-royaumeix"},"share_on_mastodon":{"url":"https:\/\/pubeurope.com\/@fr\/115038211644711393","error":""},"_links":{"self":[{"href":"https:\/\/www.europesays.com\/fr\/wp-json\/wp\/v2\/posts\/322790","targetHints":{"allow":["GET"]}}],"collection":[{"href":"https:\/\/www.europesays.com\/fr\/wp-json\/wp\/v2\/posts"}],"about":[{"href":"https:\/\/www.europesays.com\/fr\/wp-json\/wp\/v2\/types\/post"}],"author":[{"embeddable":true,"href":"https:\/\/www.europesays.com\/fr\/wp-json\/wp\/v2\/users\/2"}],"replies":[{"embeddable":true,"href":"https:\/\/www.europesays.com\/fr\/wp-json\/wp\/v2\/comments?post=322790"}],"version-history":[{"count":0,"href":"https:\/\/www.europesays.com\/fr\/wp-json\/wp\/v2\/posts\/322790\/revisions"}],"wp:featuredmedia":[{"embeddable":true,"href":"https:\/\/www.europesays.com\/fr\/wp-json\/wp\/v2\/media\/322791"}],"wp:attachment":[{"href":"https:\/\/www.europesays.com\/fr\/wp-json\/wp\/v2\/media?parent=322790"}],"wp:term":[{"taxonomy":"category","embeddable":true,"href":"https:\/\/www.europesays.com\/fr\/wp-json\/wp\/v2\/categories?post=322790"},{"taxonomy":"post_tag","embeddable":true,"href":"https:\/\/www.europesays.com\/fr\/wp-json\/wp\/v2\/tags?post=322790"}],"curies":[{"name":"wp","href":"https:\/\/api.w.org\/{rel}","templated":true}]}}