{"id":322794,"date":"2025-08-16T11:30:11","date_gmt":"2025-08-16T11:30:11","guid":{"rendered":"https:\/\/www.europesays.com\/fr\/322794\/"},"modified":"2025-08-16T11:30:11","modified_gmt":"2025-08-16T11:30:11","slug":"theodora-le-phenomene-pop-de-lete","status":"publish","type":"post","link":"https:\/\/www.europesays.com\/fr\/322794\/","title":{"rendered":"Theodora, le ph\u00e9nom\u00e8ne pop de l\u2019\u00e9t\u00e9"},"content":{"rendered":"<p>                         <img loading=\"lazy\" decoding=\"async\" src=\"https:\/\/www.europesays.com\/fr\/wp-content\/uploads\/2025\/08\/0d510af_upload-1-qaff8qcbawcv-250815-cv2025-theodora-l-pochet-05.jpg\" alt=\"Theodora sur sc\u00e8ne au festival Cabaret vert, \u00e0 Charleville-M\u00e9zi\u00e8res (Ardennes), le 15\u00a0ao\u00fbt 2025.\"   width=\"664\" height=\"443\"\/>    Theodora sur sc\u00e8ne au festival Cabaret vert, \u00e0 Charleville-M\u00e9zi\u00e8res (Ardennes), le 15\u00a0ao\u00fbt 2025.  L.POCHET                 <\/p>\n<p class=\"article__paragraph  \">C\u2019est le ph\u00e9nom\u00e8ne des festivals de l\u2019\u00e9t\u00e9. Du tr\u00e8s pointu <a href=\"https:\/\/www.lemonde.fr\/culture\/article\/2024\/07\/07\/le-rap-fait-son-festival-a-l-hippodrome-de-vincennes_6247502_3246.html\" rel=\"nofollow noopener\" target=\"_blank\">Yardland, \u00e0 l\u2019hippodrome de Vincennes <\/a>(Val-de-Marne), d\u00e9but juillet, aux Vieilles Charrues, \u00e0 Carhaix (Finist\u00e8re), \u00e0 la mi-juillet, en passant par Cabaret vert, \u00e0 Charleville-M\u00e9zi\u00e8res, ce vendredi 15\u00a0ao\u00fbt, la chanteuse Theodora ne cesse de faire danser la France avec ses tubes qui empruntent aussi bien au bouyon antillais qu\u2019\u00e0 l\u2019amapiano sud-africain, au breakbeat du drum\u2019n\u2019bass anglais qu\u2019\u00e0 la chanson pop fran\u00e7aise version Juliette Armanet.<\/p>\n<p class=\"article__paragraph  \">Du haut de ses 21\u00a0ans, la jeune femme, qui pr\u00e9tend chanter pour toutes les diasporas, a gagn\u00e9 son pari. A Charleville-M\u00e9zi\u00e8res, toutes les g\u00e9n\u00e9rations chantent en ch\u0153ur ses airs acidul\u00e9s aux textes parfois cod\u00e9s\u00a0: \u00ab\u00a0Kongolese baby aimerait sa\u00a0BBL\/Mwasi Sukali, j\u2019me l\u00e8ve, j\u2019suis d\u00e9j\u00e0 belle\/J\u2019suis p\u00e9t\u00e9e sous Cali, pollen jaune, Maya l\u2019abeille\/Manque plus qu\u2019une p\u2019tite Pauline, m\u00eame si j\u2019l\u2019ai d\u2019j\u00e0\u00a0vue\u00a0la\u00a0veille\u00a0\u00bb, raconte-t-elle dans Kongolese sous BBL, dont le clip vid\u00e9o a \u00e9t\u00e9 vu plus de 19\u00a0millions de fois sur YouTube et a r\u00e9ussi \u00e0 se hisser dans le classement Viral\u00a050\u00a0: Monde de la plateforme de streaming Spotify.<\/p>\n<p class=\"reading-mode-only \"><strong>Il vous reste 77.28% de cet article \u00e0 lire. La suite est r\u00e9serv\u00e9e aux abonn\u00e9s.<\/strong><\/p>\n","protected":false},"excerpt":{"rendered":"Theodora sur sc\u00e8ne au festival Cabaret vert, \u00e0 Charleville-M\u00e9zi\u00e8res (Ardennes), le 15\u00a0ao\u00fbt 2025. L.POCHET C\u2019est le ph\u00e9nom\u00e8ne des&hellip;\n","protected":false},"author":2,"featured_media":322795,"comment_status":"","ping_status":"","sticky":false,"template":"","format":"standard","meta":{"footnotes":""},"categories":[1355],"tags":[58,59,1011,27,1361,873],"class_list":{"0":"post-322794","1":"post","2":"type-post","3":"status-publish","4":"format-standard","5":"has-post-thumbnail","7":"category-musique","8":"tag-divertissement","9":"tag-entertainment","10":"tag-fr","11":"tag-france","12":"tag-music","13":"tag-musique"},"share_on_mastodon":{"url":"https:\/\/pubeurope.com\/@fr\/115038219412405813","error":""},"_links":{"self":[{"href":"https:\/\/www.europesays.com\/fr\/wp-json\/wp\/v2\/posts\/322794","targetHints":{"allow":["GET"]}}],"collection":[{"href":"https:\/\/www.europesays.com\/fr\/wp-json\/wp\/v2\/posts"}],"about":[{"href":"https:\/\/www.europesays.com\/fr\/wp-json\/wp\/v2\/types\/post"}],"author":[{"embeddable":true,"href":"https:\/\/www.europesays.com\/fr\/wp-json\/wp\/v2\/users\/2"}],"replies":[{"embeddable":true,"href":"https:\/\/www.europesays.com\/fr\/wp-json\/wp\/v2\/comments?post=322794"}],"version-history":[{"count":0,"href":"https:\/\/www.europesays.com\/fr\/wp-json\/wp\/v2\/posts\/322794\/revisions"}],"wp:featuredmedia":[{"embeddable":true,"href":"https:\/\/www.europesays.com\/fr\/wp-json\/wp\/v2\/media\/322795"}],"wp:attachment":[{"href":"https:\/\/www.europesays.com\/fr\/wp-json\/wp\/v2\/media?parent=322794"}],"wp:term":[{"taxonomy":"category","embeddable":true,"href":"https:\/\/www.europesays.com\/fr\/wp-json\/wp\/v2\/categories?post=322794"},{"taxonomy":"post_tag","embeddable":true,"href":"https:\/\/www.europesays.com\/fr\/wp-json\/wp\/v2\/tags?post=322794"}],"curies":[{"name":"wp","href":"https:\/\/api.w.org\/{rel}","templated":true}]}}