{"id":322815,"date":"2025-08-16T11:47:13","date_gmt":"2025-08-16T11:47:13","guid":{"rendered":"https:\/\/www.europesays.com\/fr\/322815\/"},"modified":"2025-08-16T11:47:13","modified_gmt":"2025-08-16T11:47:13","slug":"hommage-a-delio-onnis-maillot-anniversaire-le-sporting-voit-les-choses-en-grand-pour-ses-80-ans","status":"publish","type":"post","link":"https:\/\/www.europesays.com\/fr\/322815\/","title":{"rendered":"hommage \u00e0 Delio Onnis, maillot anniversaire, &#8230; le Sporting voit les choses en grand pour ses 80 ans"},"content":{"rendered":"<p>Zapping Foot National \u00c0 la 93, le film <\/p>\n<p>Le Sporting va-t-il d\u00e9marrer sa saison 2025-2026 ce samedi 16 ao\u00fbt comme pr\u00e9vu ? Ou bien le week-end prochain ? Cens\u00e9 se rendre \u00e0 Bobigny demain dans le cadre de la <a href=\"https:\/\/www.foot-national.com\/actus\/national-2-le-programme-complet-de-la-premiere-journee-921829\" rel=\"nofollow noopener\" target=\"_blank\">premi\u00e8re journ\u00e9e du groupe C de National 2<\/a>, Toulon pourrait \u00eatre amen\u00e9 \u00e0 diff\u00e9rer son d\u00e9part en raison du combat du FC 93. La formation de Seine-Saint-Denis estime \u00eatre en droit de r\u00e9cup\u00e9rer la place de l&rsquo;AC Ajaccio (exclu des comp\u00e9titions nationales par la DNCG) en National, au point d&rsquo;\u00eatre pr\u00eat \u00e0 boycotter le N2. En tout cas, une demande de report pour la r\u00e9ception du SCT a \u00e9t\u00e9 formul\u00e9e aupr\u00e8s de la F\u00e9d\u00e9ration. Encore dans le flou, Toulon pourrait donc d\u00e9buter par la r\u00e9ception de Grasse le samedi 23 ao\u00fbt (18h) au stade Bon-Rencontre.<\/p>\n<p><a href=\"https:\/\/www.foot-national.com\/actus\/national-2-cannes-bordeaux-creteil-les-pronostics-des-coachs-du-championnat-pour-la-montee-921843\" rel=\"nofollow noopener\" target=\"_blank\">National 2 : Cannes, Bordeaux, Cr\u00e9teil, &#8230; les pronostics des coachs du championnat pour la mont\u00e9e<\/a><\/p>\n<p>Un hommage \u00e0 Delio Onnis<\/p>\n<p>Que ce soit ce week-end ou dans quelques jours, le club du Var se dirige en tout cas vers une saison exceptionnelle, puisqu&rsquo;il s&rsquo;agit de son 80e anniversaire cette ann\u00e9e. \u00ab\u00a0En 1945, le Sporting nouvellement cr\u00e9\u00e9, effectuait sa premi\u00e8re participation au championnat de France de football avec, \u00e0 l\u2019\u00e9poque, des tenues noires et or !\u00a0\u00bb, rappelle le pensionnaire de quatri\u00e8me division, qui a d\u00e9cid\u00e9 de mettre les petits plats dans les grands pour f\u00eater \u00e7a comme il se doit. \u00ab\u00a0Afin de c\u00e9l\u00e9brer cette date historique, des festivit\u00e9s sont pr\u00e9vues tout au long de la saison avec pour d\u00e9buter le samedi 6 septembre l\u2019inauguration du nouveau parvis du Stade de Bon-Rencontre qui va porter le nom de l\u2019embl\u00e9matique gol\u00e9ador toulonnais : Delio Onnis\u00a0\u00bb, annonce le SCT.<\/p>\n<p>Pass\u00e9 par Toulon de 1983 \u00e0 1986, l&rsquo;illustre attaquant italo-argentin reste encore \u00e0 ce jour le meilleur buteur de l&rsquo;histoire du championnat de D1 (299 buts). \u00ab\u00a0Cette inauguration sera suivie d\u2019une visite du Mus\u00e9e du club, agrandi pour l\u2019occasion avec la cr\u00e9ation d\u2019une salle des maillots historiques port\u00e9s par les l\u00e9gendes du SCT, ainsi que de la boutique officielle r\u00e9nov\u00e9e. Un maillot anniversaire unique sera \u00e9galement d\u00e9voil\u00e9, en pr\u00e9sence de nombreux anciens joueurs. Ce maillot des 80 ans sera ensuite port\u00e9 par l\u2019\u00e9quipe premi\u00e8re tout au long de la saison \u00e0 partir du 6 septembre face au N\u00eemes Olympique\u00a0\u00bb, annonce encore le club, qui pr\u00e9voit une \u00ab\u00a0grande soir\u00e9e de gala\u00a0\u00bb et \u00ab\u00a0de nombreux autres \u00e9v\u00e9nements\u00a0\u00bb tout au long de cette saison anniversaire.<\/p>\n<blockquote class=\"twitter-tweet\">\n<p dir=\"ltr\" lang=\"fr\">La saison des 80 ans du Sporting <a href=\"https:\/\/t.co\/d892ohrQBN\" rel=\"nofollow\">https:\/\/t.co\/d892ohrQBN<\/a><\/p>\n<p>\u2014 Sporting Club Toulon (@sportingtoulon) <a href=\"https:\/\/twitter.com\/sportingtoulon\/status\/1956354062988841263?ref_src=twsrc%5Etfw\" rel=\"nofollow noopener\" target=\"_blank\">August 15, 2025<\/a><\/p>\n<\/blockquote>\n<p>Partagez cette info avec vos amis et vos proches en cliquant ici<br \/>Pour r\u00e9sumer<\/p>\n<p>Que ce soit ce week-end ou dans quelques jours, le Sporting Club de Toulon (National 2) se dirige en tout cas vers une saison exceptionnelle, puisqu&rsquo;il s&rsquo;agit de son 80e anniversaire cette ann\u00e9e. Plusieurs initiatives sont pr\u00e9vues.<\/p>\n<p> <img decoding=\"async\" width=\"76\" height=\"76\" loading=\"lazy\" src=\"https:\/\/www.europesays.com\/fr\/wp-content\/uploads\/2025\/04\/logo-florian-sermaise.jpg\" alt=\"Florian Sermaise\"\/><script async src=\"https:\/\/platform.twitter.com\/widgets.js\" charset=\"utf-8\"><\/script><\/p>\n","protected":false},"excerpt":{"rendered":"Zapping Foot National \u00c0 la 93, le film Le Sporting va-t-il d\u00e9marrer sa saison 2025-2026 ce samedi 16&hellip;\n","protected":false},"author":2,"featured_media":322816,"comment_status":"","ping_status":"","sticky":false,"template":"","format":"standard","meta":{"footnotes":""},"categories":[9619],"tags":[1111,11,1777,674,1011,27,12,882,25,2310],"class_list":{"0":"post-322815","1":"post","2":"type-post","3":"status-publish","4":"format-standard","5":"has-post-thumbnail","7":"category-toulon","8":"tag-actu","9":"tag-actualites","10":"tag-eu","11":"tag-europe","12":"tag-fr","13":"tag-france","14":"tag-news","15":"tag-provence-alpes-cote-dazur","16":"tag-republique-francaise","17":"tag-toulon"},"share_on_mastodon":{"url":"https:\/\/pubeurope.com\/@fr\/115038286265294141","error":""},"_links":{"self":[{"href":"https:\/\/www.europesays.com\/fr\/wp-json\/wp\/v2\/posts\/322815","targetHints":{"allow":["GET"]}}],"collection":[{"href":"https:\/\/www.europesays.com\/fr\/wp-json\/wp\/v2\/posts"}],"about":[{"href":"https:\/\/www.europesays.com\/fr\/wp-json\/wp\/v2\/types\/post"}],"author":[{"embeddable":true,"href":"https:\/\/www.europesays.com\/fr\/wp-json\/wp\/v2\/users\/2"}],"replies":[{"embeddable":true,"href":"https:\/\/www.europesays.com\/fr\/wp-json\/wp\/v2\/comments?post=322815"}],"version-history":[{"count":0,"href":"https:\/\/www.europesays.com\/fr\/wp-json\/wp\/v2\/posts\/322815\/revisions"}],"wp:featuredmedia":[{"embeddable":true,"href":"https:\/\/www.europesays.com\/fr\/wp-json\/wp\/v2\/media\/322816"}],"wp:attachment":[{"href":"https:\/\/www.europesays.com\/fr\/wp-json\/wp\/v2\/media?parent=322815"}],"wp:term":[{"taxonomy":"category","embeddable":true,"href":"https:\/\/www.europesays.com\/fr\/wp-json\/wp\/v2\/categories?post=322815"},{"taxonomy":"post_tag","embeddable":true,"href":"https:\/\/www.europesays.com\/fr\/wp-json\/wp\/v2\/tags?post=322815"}],"curies":[{"name":"wp","href":"https:\/\/api.w.org\/{rel}","templated":true}]}}