{"id":322821,"date":"2025-08-16T11:54:10","date_gmt":"2025-08-16T11:54:10","guid":{"rendered":"https:\/\/www.europesays.com\/fr\/322821\/"},"modified":"2025-08-16T11:54:10","modified_gmt":"2025-08-16T11:54:10","slug":"preparation-le-fc-grenoble-sincline-sur-le-fil-a-aurillac","status":"publish","type":"post","link":"https:\/\/www.europesays.com\/fr\/322821\/","title":{"rendered":"Pr\u00e9paration. Le FC Grenoble s&rsquo;incline sur le fil \u00e0 Aurillac"},"content":{"rendered":"<p>Avec un groupe rajeuni et une seule recrue sur la feuille de match, les hommes de Nicolas Nadau et Patrick P\u00e9zery ont livr\u00e9 une belle bataille dans le Cantal. Dominateurs dans le premier acte, les Grenoblois ont progressivement perdus pied face \u00e0 des Aurillacois en avance dans leur pr\u00e9paration.<\/p>\n<p>Deux mois apr\u00e8s la terrible d\u00e9convenue face \u00e0 Perpignan, les Grenoblois ont pu retrouver le chemin de la comp\u00e9tition. Bien qu\u2019amicale, cette rencontre face au Stade Aurillacois marquait le passage \u00e0 autre chose, le d\u00e9but d\u2019une saison qui conduirait, enfin, le FCG en Top 14\u00a0? C\u2019est en tout cas avec solidit\u00e9 et ma\u00eetrise que les partenaires d\u2019Aur\u00e9lien Callandret, titulaire pour la premi\u00e8re fois sous le maillot alpin, d\u00e9butaient cette rencontre. Face \u00e0 des joueurs du Stade Aurillacois impuissants, les Grenoblois ont v\u00e9cu une premi\u00e8re mi-temps sans inqui\u00e9tude qui se traduisait au tableau d\u2019affichage par un score fleuve\u00a0: 14-0. En effet, Marc Palmier, le local de l\u2019\u00e9tape, mettait le FCG sur les bons rails d\u00e8s la 15e minute avant que Barnab\u00e9 Couilloud n\u2019aggrave le score quelques minutes plus tard (28e). Mais c\u2019est avec un tout autre visage que les Cantaliens revenaient du vestiaire\u00a0! Port\u00e9s par Dachi Papunashvili, auteur de 21 points, les locaux recollaient au score moins de dix minutes apr\u00e8s la reprise du second acte. Escande (55e) puis Rasaku (67e) r\u00e9pondaient successivement aux offensives des adversaires pour permettre aux Is\u00e9rois de rester au contact en cette fin de match (28-28, 69e). Mais avec un XV rajeuni et des positionnements inhabituels, les Grenoblois n\u2019ont pu contenir les Cantaliens dans les ultimes instants de la rencontre. Ben O\u2019Donnell, la recrue australienne du mercato estival, permettait au Stade Aurillacois de faire tomber le leader de l\u2019exercice 2024-2025 gr\u00e2ce \u00e0 un essai inscrit deux minutes avant que le gong ne retentisse (78e). Une derni\u00e8re p\u00e9nalit\u00e9 de Dachi Papunashvili (80e, 36-28) venait ent\u00e9riner le succ\u00e8s des Aurillacois.<\/p>\n<p>Bien qu\u2019une d\u00e9faite ne soit jamais satisfaisante, les Grenoblois ont su rivaliser avec un adversaire en avance dans sa pr\u00e9paration et cela malgr\u00e9 l\u2019absence d\u2019une dizaine de titulaires potentiels. Le FCG est-il pr\u00eat pour cette saison 2025-2026\u00a0? R\u00e9ponse le 29 ao\u00fbt prochain \u00e0 Oyonnax\u00a0!<\/p>\n<p>Retrouvez ci-dessous les r\u00e9actions de Thomas Ployet et Patrick P\u00e9zery qui se sont livr\u00e9s au micro du Dauphin\u00e9 Lib\u00e9r\u00e9 \u00e0 l\u2019issue de cette rencontre\u00a0:<\/p>\n<p><strong>Thomas Ployet (FC Grenoble, 3e\u00a0ligne aile)<\/strong>\u00a0: \u00ab\u00a0C\u2019\u00e9tait un match plut\u00f4t abouti. On \u00e9tait venu chercher la victoire, mais surtout de l\u2019engagement et de l\u2019envie collective. C\u2019est ce qu\u2019on a tous montr\u00e9 aujourd\u2019hui (lire vendredi). Apr\u00e8s, bien s\u00fbr, il y a des petits d\u00e9tails \u00e0 r\u00e9gler, sur la touche ou les lancements de jeu. Mais on n\u2019a pas failli dans l\u2019engagement et c\u2019est vraiment bien. On esp\u00e8re \u00eatre plus pr\u00eat pour le championnat. On a bien travaill\u00e9 cet \u00e9t\u00e9. On va encore travailler sur la coh\u00e9sion et les petites scories qu\u2019on a pu voir dans notre jeu face \u00e0 Aurillac, pour bien commencer la saison. \u00bb<\/p>\n<p><strong>Patrick P\u00e9zery (FC Grenoble, co-entra\u00eeneur)<\/strong>\u00a0: \u00ab\u00a0On savait ce qu\u2019on venait chercher ici et d\u2019o\u00f9 on vient, les contraintes qu\u2019on a aussi, li\u00e9es \u00e0 l\u2019effectif. Il fallait qu\u2019aujourd\u2019hui, on mette des objectifs r\u00e9alisables\u00a0; notamment sur le combat et l\u2019organisation de jeu qu\u2019on veut voir. Et il y a pas mal de choses qui ont \u00e9t\u00e9 valid\u00e9es sur ces aspects-l\u00e0. On a int\u00e9gr\u00e9 beaucoup de jeunes sur ce match, mais c\u2019est des jeunes avec qui on a travaill\u00e9. Il a bien fallu qu\u2019ils comblent notre manque d\u2019effectif. On a vu le r\u00e9sultat du travail effectu\u00e9 et eux ont vu ce qu\u2019il leur reste \u00e0 avancer pour pr\u00e9tendre \u00e0 ce niveau-l\u00e0. C\u2019est un partage int\u00e9ressant. Je suis content d\u2019avoir retrouv\u00e9 le groupe et la comp\u00e9tition, m\u00eame si ce n\u2019\u00e9tait qu\u2019un amical. C\u2019est toujours quelque chose qui nous dynamise. Maintenant, on attend \u00e7a avec impatience.\u00a0\u00bb<\/p>\n<p>\n\tArticles similaires<\/p>\n","protected":false},"excerpt":{"rendered":"Avec un groupe rajeuni et une seule recrue sur la feuille de match, les hommes de Nicolas Nadau&hellip;\n","protected":false},"author":2,"featured_media":218484,"comment_status":"","ping_status":"","sticky":false,"template":"","format":"standard","meta":{"footnotes":""},"categories":[9566],"tags":[1111,11,2430,1777,674,1011,27,2731,12,25],"class_list":{"0":"post-322821","1":"post","2":"type-post","3":"status-publish","4":"format-standard","5":"has-post-thumbnail","7":"category-grenoble","8":"tag-actu","9":"tag-actualites","10":"tag-auvergne-rhone-alpes","11":"tag-eu","12":"tag-europe","13":"tag-fr","14":"tag-france","15":"tag-grenoble","16":"tag-news","17":"tag-republique-francaise"},"share_on_mastodon":{"url":"https:\/\/pubeurope.com\/@fr\/115038313758879064","error":""},"_links":{"self":[{"href":"https:\/\/www.europesays.com\/fr\/wp-json\/wp\/v2\/posts\/322821","targetHints":{"allow":["GET"]}}],"collection":[{"href":"https:\/\/www.europesays.com\/fr\/wp-json\/wp\/v2\/posts"}],"about":[{"href":"https:\/\/www.europesays.com\/fr\/wp-json\/wp\/v2\/types\/post"}],"author":[{"embeddable":true,"href":"https:\/\/www.europesays.com\/fr\/wp-json\/wp\/v2\/users\/2"}],"replies":[{"embeddable":true,"href":"https:\/\/www.europesays.com\/fr\/wp-json\/wp\/v2\/comments?post=322821"}],"version-history":[{"count":0,"href":"https:\/\/www.europesays.com\/fr\/wp-json\/wp\/v2\/posts\/322821\/revisions"}],"wp:featuredmedia":[{"embeddable":true,"href":"https:\/\/www.europesays.com\/fr\/wp-json\/wp\/v2\/media\/218484"}],"wp:attachment":[{"href":"https:\/\/www.europesays.com\/fr\/wp-json\/wp\/v2\/media?parent=322821"}],"wp:term":[{"taxonomy":"category","embeddable":true,"href":"https:\/\/www.europesays.com\/fr\/wp-json\/wp\/v2\/categories?post=322821"},{"taxonomy":"post_tag","embeddable":true,"href":"https:\/\/www.europesays.com\/fr\/wp-json\/wp\/v2\/tags?post=322821"}],"curies":[{"name":"wp","href":"https:\/\/api.w.org\/{rel}","templated":true}]}}