{"id":322824,"date":"2025-08-16T11:56:11","date_gmt":"2025-08-16T11:56:11","guid":{"rendered":"https:\/\/www.europesays.com\/fr\/322824\/"},"modified":"2025-08-16T11:56:11","modified_gmt":"2025-08-16T11:56:11","slug":"roberto-de-zerbi-ce-nest-pas-a-cause-dadrien-rabiot-que-lom-a-perdu-ligue-1-j1-rennes-marseille-1-0","status":"publish","type":"post","link":"https:\/\/www.europesays.com\/fr\/322824\/","title":{"rendered":"Roberto De Zerbi : \u00ab\u202fCe n&rsquo;est pas \u00e0 cause d&rsquo;Adrien Rabiot que l&rsquo;OM a perdu\u202f\u00bb &#8211; Ligue 1 &#8211; J1 &#8211; Rennes-Marseille (1-0)"},"content":{"rendered":"<p>Pas content, le Roberto De Zerbi.<\/p>\n<p>Et pour cause, <a target=\"_blank\" href=\"https:\/\/www.sofoot.com\/articles\/ligue-1-a-10-contre-11-rennes-douche-lom\" rel=\"nofollow noopener\">son Olympique de Marseille est tomb\u00e9 \u00e0 Rennes lors de la premi\u00e8re journ\u00e9e de Ligue 1<\/a> alors qu\u2019il a jou\u00e9 la majeure partie du match en sup\u00e9riorit\u00e9 num\u00e9rique. En conf\u00e9rence de presse, <strong>l\u2019entra\u00eeneur phoc\u00e9en a donc vis\u00e9 son \u00e9quipe avec des mots assez forts<\/strong> : \u00ab\u202fCe qui est simple \u00e0 comprendre, c\u2019est que ce qu\u2019on a fait jusqu\u2019\u00e0 pr\u00e9sent ne sert \u00e0 rien. \u00c0 Marseille, tout le monde n\u2019a pas encore compris : il faut \u00eatre tout le temps au m\u00eame niveau d\u2019envie, de motivation et d\u2019humilit\u00e9. Il faut un \u00e9quilibre n\u00e9cessaire et si on veut une grande \u00e9quipe, on doit faire plus.\u202f\u00bb<\/p>\n<p>En revanche, <strong>le technicien italien a \u00e9pargn\u00e9 un de ses soldats : Adrien Rabiot<\/strong>, align\u00e9 derri\u00e8re Amine Gouiri dans un esp\u00e8ce de 3-2-4-1.\u00ab\u202fIl a jou\u00e9 l\u00e0 o\u00f9 il a toujours jou\u00e9 avec moi et c\u2019est certain qu\u2019\u00e0 onze contre dix, il y avait encore moins d\u2019espace, a ainsi r\u00e9agit <a target=\"_blank\" href=\"https:\/\/www.sofoot.com\/breves\/ligue-1-roberto-de-zerbi-avant-om-losc-on-aurait-besoin-davoir-deux-trois-quatre-ou-cinq-rabiot\" rel=\"nofollow noopener\">le coach, jamais avare lorsqu\u2019il \u00e9voque le milieu de terrain de l\u2019\u00e9quipe de France<\/a>. Alors oui, ce n\u2019est pas sa meilleure performance avec nous. Mais le probl\u00e8me a \u00e9t\u00e9 g\u00e9n\u00e9ral, ce n\u2019est pas \u00e0 cause de Rabiot que l\u2019Olympique de Marseille n\u2019a pas gagn\u00e9 ce match.\u202f\u00bb<\/p>\n<p>Peut-\u00eatre <a target=\"_blank\" href=\"https:\/\/www.sofoot.com\/breves\/rennes-om-valentin-rongier-capitaine-et-accueilli-par-une-banderole-hostile-au-roazhon-park-pour-sa-premiere\" rel=\"nofollow noopener\">\u00e0 cause de Valentin Rongier<\/a>, par contre\u2026<\/p>\n<p>\t\t\t\t\t\t\t\t\t\t<a class=\"lien-connexe\" href=\"https:\/\/www.sofoot.com\/breves\/ligue-1-habib-beye-sexplique-sur-le-capitanat-de-valentin-rongier-apres-la-victoire-de-rennes-contre-marseille\" rel=\"nofollow noopener\" target=\"_blank\">Habib Beye s&rsquo;explique sur le brassard de Valentin Rongier<\/a>\t\t\t\t\t<\/p>\n","protected":false},"excerpt":{"rendered":"Pas content, le Roberto De Zerbi. Et pour cause, son Olympique de Marseille est tomb\u00e9 \u00e0 Rennes lors&hellip;\n","protected":false},"author":2,"featured_media":322825,"comment_status":"","ping_status":"","sticky":false,"template":"","format":"standard","meta":{"footnotes":""},"categories":[2821],"tags":[1111,47,11,61,829,69,65,64,1777,674,63,1011,27,68,66,12,62,70,584,25,67],"class_list":{"0":"post-322824","1":"post","2":"type-post","3":"status-publish","4":"format-standard","5":"has-post-thumbnail","7":"category-rennes","8":"tag-actu","9":"tag-actualite","10":"tag-actualites","11":"tag-actus-football","12":"tag-bretagne","13":"tag-bundesliga","14":"tag-championnats-europeens","15":"tag-equipe-de-france","16":"tag-eu","17":"tag-europe","18":"tag-football","19":"tag-fr","20":"tag-france","21":"tag-ligua","22":"tag-ligue-1","23":"tag-news","24":"tag-news-foot","25":"tag-premier-league","26":"tag-rennes","27":"tag-republique-francaise","28":"tag-serie-a"},"share_on_mastodon":{"url":"https:\/\/pubeurope.com\/@fr\/115038321551003347","error":""},"_links":{"self":[{"href":"https:\/\/www.europesays.com\/fr\/wp-json\/wp\/v2\/posts\/322824","targetHints":{"allow":["GET"]}}],"collection":[{"href":"https:\/\/www.europesays.com\/fr\/wp-json\/wp\/v2\/posts"}],"about":[{"href":"https:\/\/www.europesays.com\/fr\/wp-json\/wp\/v2\/types\/post"}],"author":[{"embeddable":true,"href":"https:\/\/www.europesays.com\/fr\/wp-json\/wp\/v2\/users\/2"}],"replies":[{"embeddable":true,"href":"https:\/\/www.europesays.com\/fr\/wp-json\/wp\/v2\/comments?post=322824"}],"version-history":[{"count":0,"href":"https:\/\/www.europesays.com\/fr\/wp-json\/wp\/v2\/posts\/322824\/revisions"}],"wp:featuredmedia":[{"embeddable":true,"href":"https:\/\/www.europesays.com\/fr\/wp-json\/wp\/v2\/media\/322825"}],"wp:attachment":[{"href":"https:\/\/www.europesays.com\/fr\/wp-json\/wp\/v2\/media?parent=322824"}],"wp:term":[{"taxonomy":"category","embeddable":true,"href":"https:\/\/www.europesays.com\/fr\/wp-json\/wp\/v2\/categories?post=322824"},{"taxonomy":"post_tag","embeddable":true,"href":"https:\/\/www.europesays.com\/fr\/wp-json\/wp\/v2\/tags?post=322824"}],"curies":[{"name":"wp","href":"https:\/\/api.w.org\/{rel}","templated":true}]}}