{"id":322826,"date":"2025-08-16T11:58:11","date_gmt":"2025-08-16T11:58:11","guid":{"rendered":"https:\/\/www.europesays.com\/fr\/322826\/"},"modified":"2025-08-16T11:58:11","modified_gmt":"2025-08-16T11:58:11","slug":"encore-un-renfort-pour-strasbourg-qui-sadjuge-les-services-du-gardien-espoir-stefan-bajic","status":"publish","type":"post","link":"https:\/\/www.europesays.com\/fr\/322826\/","title":{"rendered":"encore un renfort pour Strasbourg, qui s\u2019adjuge les services du gardien espoir Stefan Bajic"},"content":{"rendered":"<p>L\u2019international espoir fran\u00e7ais de 23\u00a0ans s\u2019est engag\u00e9 libre pour une saison, plus une en option, au sein du club alsacien.<\/p>\n<p class=\"fig-paragraph\">Strasbourg continue\u00a0<a href=\"http:\/\/www.lefigaro.fr\/sports\/football\/ligue-1\/au-racing-club-de-strasbourg-des-depenses-records-pour-une-ambition-exponentielle-20250816\" data-fig-type=\"Article\" data-gtm-custom-categorie=\"navigation\" data-gtm-custom-action=\"crossclick\" data-gtm-custom-label=\"Contextuel\" data-gtm-event=\"customEventSPE\" data-fig-domain=\"LEFIGARO\" rel=\"nofollow noopener\" target=\"_blank\">sa razzia sur le march\u00e9 des transferts<\/a>. Le club alsacien a officialis\u00e9 ce samedi l\u2019arriv\u00e9e d\u2019une quatorzi\u00e8me recrue en la personne de Stefan Bajic. Il n\u2019a pas eu besoin de d\u00e9penser d\u2019indemnit\u00e9 de transfert cette fois-ci puisque le joueur de 23 ans \u00e9tait libre depuis son d\u00e9part de Bristol City.<\/p>\n<p class=\"fig-paragraph\">Mis \u00e0 l\u2019essai pendant trois semaines,\u00a0<a href=\"http:\/\/www.lefigaro.fr\/sports\/football\/transferts\/mercato-bajic-quitte-saint-etienne-son-club-formateur-20220204\" data-fig-type=\"NewsFlash\" data-gtm-custom-categorie=\"navigation\" data-gtm-custom-action=\"crossclick\" data-gtm-custom-label=\"Contextuel\" data-gtm-event=\"customEventSPE\" data-fig-domain=\"LEFIGARO\" rel=\"nofollow noopener\" target=\"_blank\">l\u2019ancien portier st\u00e9phanois<\/a>\u00a0a donn\u00e9 satisfaction aux dirigeants du RCSA, qui lui ont offert un contrat d\u2019un an plus une autre en option. Il devrait \u00eatre le troisi\u00e8me gardien dans la hierarchie derri\u00e8re\u00a0<a href=\"http:\/\/www.lefigaro.fr\/sports\/football\/transferts\/mercato-strasbourg-tient-son-nouveau-gardien-en-la-personne-de-mike-penders-prete-par-chelsea-20250728\" data-fig-type=\"NewsFlash\" data-gtm-custom-categorie=\"navigation\" data-gtm-custom-action=\"crossclick\" data-gtm-custom-label=\"Contextuel\" data-gtm-event=\"customEventSPE\" data-fig-domain=\"LEFIGARO\" rel=\"nofollow noopener\" target=\"_blank\">Mike Penders<\/a>, pr\u00eat\u00e9 un an par Chelsea, et Karl-Johan Johnsson. Il compte une s\u00e9lection avec l\u2019\u00c9quipe de France espoirs.<\/p>\n","protected":false},"excerpt":{"rendered":"L\u2019international espoir fran\u00e7ais de 23\u00a0ans s\u2019est engag\u00e9 libre pour une saison, plus une en option, au sein du&hellip;\n","protected":false},"author":2,"featured_media":322827,"comment_status":"","ping_status":"","sticky":false,"template":"","format":"standard","meta":{"footnotes":""},"categories":[2820],"tags":[1111,11,1777,674,1011,27,775,66,1434,12,4448,25,640],"class_list":{"0":"post-322826","1":"post","2":"type-post","3":"status-publish","4":"format-standard","5":"has-post-thumbnail","7":"category-strasbourg","8":"tag-actu","9":"tag-actualites","10":"tag-eu","11":"tag-europe","12":"tag-fr","13":"tag-france","14":"tag-grand-est","15":"tag-ligue-1","16":"tag-mercato","17":"tag-news","18":"tag-rc-strasbourg","19":"tag-republique-francaise","20":"tag-strasbourg"},"share_on_mastodon":{"url":"https:\/\/pubeurope.com\/@fr\/115038329494769387","error":""},"_links":{"self":[{"href":"https:\/\/www.europesays.com\/fr\/wp-json\/wp\/v2\/posts\/322826","targetHints":{"allow":["GET"]}}],"collection":[{"href":"https:\/\/www.europesays.com\/fr\/wp-json\/wp\/v2\/posts"}],"about":[{"href":"https:\/\/www.europesays.com\/fr\/wp-json\/wp\/v2\/types\/post"}],"author":[{"embeddable":true,"href":"https:\/\/www.europesays.com\/fr\/wp-json\/wp\/v2\/users\/2"}],"replies":[{"embeddable":true,"href":"https:\/\/www.europesays.com\/fr\/wp-json\/wp\/v2\/comments?post=322826"}],"version-history":[{"count":0,"href":"https:\/\/www.europesays.com\/fr\/wp-json\/wp\/v2\/posts\/322826\/revisions"}],"wp:featuredmedia":[{"embeddable":true,"href":"https:\/\/www.europesays.com\/fr\/wp-json\/wp\/v2\/media\/322827"}],"wp:attachment":[{"href":"https:\/\/www.europesays.com\/fr\/wp-json\/wp\/v2\/media?parent=322826"}],"wp:term":[{"taxonomy":"category","embeddable":true,"href":"https:\/\/www.europesays.com\/fr\/wp-json\/wp\/v2\/categories?post=322826"},{"taxonomy":"post_tag","embeddable":true,"href":"https:\/\/www.europesays.com\/fr\/wp-json\/wp\/v2\/tags?post=322826"}],"curies":[{"name":"wp","href":"https:\/\/api.w.org\/{rel}","templated":true}]}}