{"id":322830,"date":"2025-08-16T12:00:40","date_gmt":"2025-08-16T12:00:40","guid":{"rendered":"https:\/\/www.europesays.com\/fr\/322830\/"},"modified":"2025-08-16T12:00:40","modified_gmt":"2025-08-16T12:00:40","slug":"toulouse-a-quelle-heure-et-sur-quelle-chaine-voir-le-match-de-ligue-1","status":"publish","type":"post","link":"https:\/\/www.europesays.com\/fr\/322830\/","title":{"rendered":"Toulouse : \u00e0 quelle heure et sur quelle cha\u00eene voir le match de Ligue 1 ?"},"content":{"rendered":"<p>L\u2019OGC Nice et le Toulouse FC s\u2019affrontent pour leur entr\u00e9e en lice dans la saison 2025\/26 de Ligue 1 McDonald\u2019s. Deux \u00e9quipes aux pr\u00e9parations contrast\u00e9es cherchent \u00e0 se rassurer d\u00e8s la premi\u00e8re journ\u00e9e. D\u00e9couvrez ici \u00e0 quelle heure et sur quelle cha\u00eene suivre Nice &#8211; Toulouse en direct.<\/p>\n<p>L\u2019OGC Nice re\u00e7oit le Toulouse FC pour le compte de la premi\u00e8re journ\u00e9e de Ligue 1 McDonald\u2019s ce samedi 16 ao\u00fbt. Les Aiglons abordent cette rencontre avec des interrogations offensives. Priv\u00e9s de Ga\u00ebtan Laborde et d\u2019Evann Guessand, partis cet \u00e9t\u00e9, ils peinent \u00e0 retrouver de l\u2019efficacit\u00e9 devant le but. La d\u00e9faite 2-0 face \u00e0 Benfica en Ligue des champions a confirm\u00e9 ce manque de tranchant et laisse Terem Moffi comme unique r\u00e9f\u00e9rence offensive. Le club azur\u00e9en explore la piste David Datro Fofana (Chelsea), \u00e9galement suivie par Toulouse. Du c\u00f4t\u00e9 des Violets, la pr\u00e9paration a \u00e9t\u00e9 d\u00e9licate, marqu\u00e9e par deux lourds revers face \u00e0 Leipzig (0-7) et Stuttgart (0-6), pour un bilan de quatre d\u00e9faites et un nul. Le 1-1 d\u00e9croch\u00e9 face au FC S\u00e9ville, en cl\u00f4ture de pr\u00e9paration estivale, a toutefois apport\u00e9 un l\u00e9ger regain de confiance. Ce d\u00e9placement \u00e0 l\u2019Allianz Riviera est l\u2019occasion pour les deux \u00e9quipes de se relancer d\u00e8s le coup d\u2019envoi du championnat.<\/p>\n<p>                        Diffusion Nice &#8211; Toulouse : heure et cha\u00eene pour voir le match de Ligue 1<\/p>\n<p><b>Le match Nice &#8211; Toulouse se jouera samedi 16 ao\u00fbt \u00e0 21h05 \u00e0 l\u2019Allianz Riviera<\/b>. <b>Il sera diffus\u00e9 en direct via Ligue 1+. <\/b>Un rendez-vous qui permettra de jauger l\u2019\u00e9tat de forme des deux formations, en qu\u00eate de certitudes pour bien d\u00e9buter leur saison.<\/p>\n<p>La nouvelle cha\u00eene Ligue 1+ est accessible par diff\u00e9rents moyens. Jusqu\u2019au 31 ao\u00fbt 2025, <a href=\"https:\/\/dazn.prf.hn\/click\/camref:1101l3GPiM\" rel=\"nofollow noopener\" target=\"_blank\">DAZN propose une offre sp\u00e9ciale<\/a> \u00e0 9,99 euros par mois pendant 3 mois, puis 14,99 euros par mois pendant 9 mois, avec un engagement de 12 mois. Cette formule inclut l&rsquo;acc\u00e8s \u00e0 la cha\u00eene Ligue 1+ ainsi que l\u2019int\u00e9gralit\u00e9 du catalogue DAZN : Serie A, Jupiler Pro League, Betclic \u00c9LITE, MMA, boxe, golf\u2026 Chaque week-end, suivez 8 matchs de Ligue 1 McDonald\u2019s en direct, 1 match en diff\u00e9r\u00e9, ainsi que r\u00e9sum\u00e9s et magazines. Les abonnements Ligue 1+ sont aussi disponibles via <a href=\"https:\/\/www.primevideo.com\/offers\/?benefitId=ligueonefr&amp;?tag=teleloisirs1663-21\" rel=\"nofollow noopener\" target=\"_blank\">Prime Video<\/a> ou directement sur la plateforme officielle.<\/p>\n<p>  <a class=\"cta\" href=\"https:\/\/dazn.prf.hn\/click\/camref:1101l3GPiM\" rel=\"nofollow noopener\" target=\"_blank\"><br \/>\n     Cliquez ici pour profiter de l&rsquo;offre DAZN avec Ligue 1+ \u00e0 9,99\u20ac\/mois<br \/>\n  <\/a><\/p>\n<p>Chaque jour, nous \u00e9pluchons en toute ind\u00e9pendance les meilleures offres et r\u00e9ductions disponibles sur le web pour vous proposer les bons plans les plus int\u00e9ressants. Pour \u00e9valuer la pertinence d\u2019un bon plan, nous v\u00e9rifions notamment l\u2019historique des prix et veillons \u00e0 vous recommander les boutiques en ligne proposant les meilleures garanties.<\/p>\n<p>Certains liens peuvent g\u00e9n\u00e9rer une commission pour T\u00e9l\u00e9-Loisirs. Les prix sont mentionn\u00e9s \u00e0 titre indicatif et sont susceptibles d&rsquo;\u00e9voluer.<\/p>\n","protected":false},"excerpt":{"rendered":"L\u2019OGC Nice et le Toulouse FC s\u2019affrontent pour leur entr\u00e9e en lice dans la saison 2025\/26 de Ligue&hellip;\n","protected":false},"author":2,"featured_media":322831,"comment_status":"","ping_status":"","sticky":false,"template":"","format":"standard","meta":{"footnotes":""},"categories":[2819],"tags":[1111,11,244,1777,674,2257,63,1011,27,66,12,2401,882,25,517],"class_list":{"0":"post-322830","1":"post","2":"type-post","3":"status-publish","4":"format-standard","5":"has-post-thumbnail","7":"category-nice","8":"tag-actu","9":"tag-actualites","10":"tag-commentaire","11":"tag-eu","12":"tag-europe","13":"tag-foot","14":"tag-football","15":"tag-fr","16":"tag-france","17":"tag-ligue-1","18":"tag-news","19":"tag-nice","20":"tag-provence-alpes-cote-dazur","21":"tag-republique-francaise","22":"tag-sport"},"share_on_mastodon":{"url":"https:\/\/pubeurope.com\/@fr\/115038337285538331","error":""},"_links":{"self":[{"href":"https:\/\/www.europesays.com\/fr\/wp-json\/wp\/v2\/posts\/322830","targetHints":{"allow":["GET"]}}],"collection":[{"href":"https:\/\/www.europesays.com\/fr\/wp-json\/wp\/v2\/posts"}],"about":[{"href":"https:\/\/www.europesays.com\/fr\/wp-json\/wp\/v2\/types\/post"}],"author":[{"embeddable":true,"href":"https:\/\/www.europesays.com\/fr\/wp-json\/wp\/v2\/users\/2"}],"replies":[{"embeddable":true,"href":"https:\/\/www.europesays.com\/fr\/wp-json\/wp\/v2\/comments?post=322830"}],"version-history":[{"count":0,"href":"https:\/\/www.europesays.com\/fr\/wp-json\/wp\/v2\/posts\/322830\/revisions"}],"wp:featuredmedia":[{"embeddable":true,"href":"https:\/\/www.europesays.com\/fr\/wp-json\/wp\/v2\/media\/322831"}],"wp:attachment":[{"href":"https:\/\/www.europesays.com\/fr\/wp-json\/wp\/v2\/media?parent=322830"}],"wp:term":[{"taxonomy":"category","embeddable":true,"href":"https:\/\/www.europesays.com\/fr\/wp-json\/wp\/v2\/categories?post=322830"},{"taxonomy":"post_tag","embeddable":true,"href":"https:\/\/www.europesays.com\/fr\/wp-json\/wp\/v2\/tags?post=322830"}],"curies":[{"name":"wp","href":"https:\/\/api.w.org\/{rel}","templated":true}]}}