{"id":322832,"date":"2025-08-16T12:02:11","date_gmt":"2025-08-16T12:02:11","guid":{"rendered":"https:\/\/www.europesays.com\/fr\/322832\/"},"modified":"2025-08-16T12:02:11","modified_gmt":"2025-08-16T12:02:11","slug":"luis-enrique-avant-nantes-psg-le-plus-difficile-cest-de-continuer-a-etre-imprevisible","status":"publish","type":"post","link":"https:\/\/www.europesays.com\/fr\/322832\/","title":{"rendered":"Luis Enrique avant Nantes-PSG : \u00ab\u00a0Le plus difficile, c\u2019est de continuer \u00e0 \u00eatre impr\u00e9visible \u00bb"},"content":{"rendered":"<p class=\"paragraph text_align_left lp-f-body-02\">Ce dimanche, le <a href=\"https:\/\/www.leparisien.fr\/sports\/football\/ligue-1\/dire-que-le-psg-nest-pas-favori-ca-serait-complique-lanalyse-du-brestois-eric-roy-avant-le-retour-de-la-ligue-1-15-08-2025-HF7G47JEMZGXVFRZOVEFDP5S5I.php\" target=\"_blank\" rel=\"noreferrer nofollow noopener\">PSG<\/a> entame la saison de Ligue 1 par un d\u00e9placement \u00e0 Nantes, match \u00e0 20h45. A la veille de ce rendez-vous domestique, Luis Enrique, l\u2019entra\u00eeneur du club de la capitale, \u00e9tait en conf\u00e9rence de presse depuis le Campus de Poissy \u00e0 la mi-journ\u00e9e. Il s\u2019est exprim\u00e9 int\u00e9gralement en fran\u00e7ais. <\/p>\n<p class=\"paragraph text_align_left lp-f-body-02\">Pour Paris, la saison a d\u00e9j\u00e0 commenc\u00e9 avec la victoire en Supercoupe d\u2019Europe mercredi 13 ao\u00fbt \u00e0 Udine (Italie) contre Tottenham aux tirs au but. Avant la conf\u00e9rence de presse, Luis Campos, le conseiller sportif, est venu saluer individuellement chaque m\u00e9dia pr\u00e9sent. <\/p>\n<p class=\"paragraph text_align_left lp-f-body-02\"><b>Aimeriez-vous cette saison davantage de concurrence en Ligue 1 ? <\/b><\/p>\n<p class=\"paragraph text_align_left lp-f-body-02\"><b>LUIS ENRIQUE. <\/b>L\u2019ann\u00e9e derni\u00e8re, le championnat a \u00e9t\u00e9 comme \u00e7a parce que nous avons \u00e9t\u00e9 \u00e0 un tr\u00e8s haut niveau. Ce n\u2019est pas normal. Pour cette saison, je ne peux pas savoir ce qui va se passer. On veut gagner ce championnat, ce sera serr\u00e9. Rien n\u2019a \u00e9t\u00e9 facile la saison derni\u00e8re.<\/p>\n<p class=\"paragraph text_align_left lp-f-body-02\"><b>Comment est votre \u00e9quipe en ce moment ?<\/b><\/p>\n<p class=\"paragraph text_align_left lp-f-body-02\">J\u2019aime la mani\u00e8re dont l\u2019\u00e9quipe s\u2019est battue en finale contre Tottenham. C\u2019est l\u2019ADN de cette \u00e9quipe : se battre tout le temps. Nous voulons retrouver le feeling avec le ballon. C\u2019est normal de ne pas \u00eatre \u00e0 100% en ce moment.<\/p>\n<p class=\"paragraph text_align_left lp-f-body-02\"><b>Est-ce un mois pi\u00e8ge en ao\u00fbt sans pr\u00e9paration?<\/b> <b> <\/b><\/p>\n<p class=\"paragraph text_align_left lp-f-body-02\">Tous les d\u00e9buts de saison sont difficiles. Retrouver ce feeling que l\u2018on cherche au fur et \u00e0 mesure des entra\u00eenements, c\u2019est ce que nous voulons en ao\u00fbt. A Nantes, on va avoir des probl\u00e8mes mais nous sommes habitu\u00e9s \u00e0 lutter contre ces probl\u00e8mes.<\/p>\n<p class=\"paragraph text_align_left lp-f-body-02\"><b>Que comptez-vous faire pour emp\u00eacher les blessures cette saison? <\/b><\/p>\n<p class=\"paragraph text_align_left lp-f-body-02\">Le football est un sport de contact. Les blessures sont normales. On doit penser que c\u2019est une habitude. Pour g\u00e9rer \u00e7a, on fera la m\u00eame chose et on analysera tranquillement les entra\u00eenements, les voyages, tout ce qui compte pour la sant\u00e9 des joueurs. On veut planifier et en m\u00eame temps on doit s\u2019adapter. On a de l\u2019exp\u00e9rience. La condition mentale est plus importante que la condition physique pour moi. <\/p>\n<p class=\"paragraph text_align_left lp-f-body-02\"><b>A titre personnel, comment abordez-vous cette troisi\u00e8me saison au PSG ? <\/b><\/p>\n<p class=\"paragraph text_align_left lp-f-body-02\">Je veux continuer \u00e0 marquer l\u2019histoire. En ce moment, c\u2019est un moment sp\u00e9cial car peu d\u2019\u00e9quipes gagnent deux fois de suite la Ligue des champions. Nous sommes tr\u00e8s ambitieux. On a conscience de la difficult\u00e9 de cet objectif. Cela d\u00e9pend de nous. C\u2019est un objectif tr\u00e8s amusant. <\/p>\n<p class=\"paragraph text_align_left lp-f-body-02\"><b>Illya Zabarnyi est-elle pr\u00eat pour d\u00e9buter \u00e0 Nantes?<\/b> <\/p>\n<p class=\"paragraph text_align_left lp-f-body-02\">Les recrues sont pr\u00eates toutes les trois pour jouer. <\/p>\n<p class=\"paragraph text_align_left lp-f-body-02\"><b>Que vous pla\u00eet-il chez lui<\/b> <b>?<\/b><\/p>\n<p class=\"paragraph text_align_left lp-f-body-02\">Il jouera peut-\u00eatre \u00e0 Nantes, il est dans le groupe. C\u2019est un d\u00e9fenseur central, \u00e0 qui nous demandons beaucoup de choses avec et sans le ballon. Il a beaucoup de qualit\u00e9s. C\u2019est bien de l\u2019avoir. C\u2019est un grand renfort.<\/p>\n<p class=\"paragraph text_align_left lp-f-body-02\"><b>Quel est le d\u00e9fi le plus compliqu\u00e9 de la saison ? <\/b><\/p>\n<p class=\"paragraph text_align_left lp-f-body-02\">Le plus difficile est de continuer \u00e0 \u00eatre impr\u00e9visible pour les adversaires. Nous devons changer des choses tactiquement pour cela. Apr\u00e8s avoir gagn\u00e9, il faut encore s\u2019am\u00e9liorer et sortir de notre zone de confort. <\/p>\n<p class=\"paragraph text_align_left lp-f-body-02\"><b>Beaucoup de joueurs du PSG peuvent pr\u00e9tendre au Ballon d\u2019or. Que pensez-vous des propos d\u2019Achraf Hakimi qui dit le m\u00e9riter ?<\/b><\/p>\n<p class=\"paragraph text_align_left lp-f-body-02\">Vous aimez les pol\u00e9miques, comme tous les journalistes. Belle tentative ! Tous les joueurs du PSG restent concentr\u00e9s sur des choses plus importantes que vous connaissez: gagner des troph\u00e9es avec un collectif. Les supporters veulent \u00e7a aussi. <\/p>\n<p class=\"paragraph text_align_left lp-f-body-02\"><b>Votre mercato est-il termin\u00e9 ?<\/b><\/p>\n<p class=\"paragraph text_align_left lp-f-body-02\">Notre mercato refl\u00e8te notre \u00e9quipe : nous n\u2019avons pas besoin de beaucoup de joueurs. Il faut rester ouvert mais il n\u2019y a pas de probl\u00e8me. On reste tranquilles, calmes. La polyvalence de nos joueurs permet de couvrir tous les postes. <\/p>\n<p class=\"paragraph text_align_left lp-f-body-02\"><b>Comment g\u00e9rer le poste de lat\u00e9ral droit avec le seul Hakimi en sp\u00e9cialiste?<\/b><\/p>\n<p class=\"paragraph text_align_left lp-f-body-02\">Je n\u2019ai aucun probl\u00e8me. On a beaucoup de solution pur cette position. <\/p>\n<p class=\"paragraph text_align_left lp-f-body-02\"><b>La pr\u00e9paration commence-t-elle maintenant au fond ?<\/b><\/p>\n<p class=\"paragraph text_align_left lp-f-body-02\">On doit penser que ce n\u2019est pas normal. Mais apr\u00e8s 6 entra\u00eenements, on a fait des belles choses contre Tottenham. Le feeling avec le ballon a \u00e9t\u00e9 bizarre. La fin de match a \u00e9t\u00e9 sensationnelle. Retrouver le feeling avec le ballon, c\u2019est le premier objectif. <\/p>\n","protected":false},"excerpt":{"rendered":"Ce dimanche, le PSG entame la saison de Ligue 1 par un d\u00e9placement \u00e0 Nantes, match \u00e0 20h45.&hellip;\n","protected":false},"author":2,"featured_media":322833,"comment_status":"","ping_status":"","sticky":false,"template":"","format":"standard","meta":{"footnotes":""},"categories":[2818],"tags":[1111,11,1777,674,63,1011,27,66,766,12,2636,25,60],"class_list":{"0":"post-322832","1":"post","2":"type-post","3":"status-publish","4":"format-standard","5":"has-post-thumbnail","7":"category-nantes","8":"tag-actu","9":"tag-actualites","10":"tag-eu","11":"tag-europe","12":"tag-football","13":"tag-fr","14":"tag-france","15":"tag-ligue-1","16":"tag-nantes","17":"tag-news","18":"tag-pays-de-la-loire","19":"tag-republique-francaise","20":"tag-sports"},"share_on_mastodon":{"url":"https:\/\/pubeurope.com\/@fr\/115038345196811542","error":""},"_links":{"self":[{"href":"https:\/\/www.europesays.com\/fr\/wp-json\/wp\/v2\/posts\/322832","targetHints":{"allow":["GET"]}}],"collection":[{"href":"https:\/\/www.europesays.com\/fr\/wp-json\/wp\/v2\/posts"}],"about":[{"href":"https:\/\/www.europesays.com\/fr\/wp-json\/wp\/v2\/types\/post"}],"author":[{"embeddable":true,"href":"https:\/\/www.europesays.com\/fr\/wp-json\/wp\/v2\/users\/2"}],"replies":[{"embeddable":true,"href":"https:\/\/www.europesays.com\/fr\/wp-json\/wp\/v2\/comments?post=322832"}],"version-history":[{"count":0,"href":"https:\/\/www.europesays.com\/fr\/wp-json\/wp\/v2\/posts\/322832\/revisions"}],"wp:featuredmedia":[{"embeddable":true,"href":"https:\/\/www.europesays.com\/fr\/wp-json\/wp\/v2\/media\/322833"}],"wp:attachment":[{"href":"https:\/\/www.europesays.com\/fr\/wp-json\/wp\/v2\/media?parent=322832"}],"wp:term":[{"taxonomy":"category","embeddable":true,"href":"https:\/\/www.europesays.com\/fr\/wp-json\/wp\/v2\/categories?post=322832"},{"taxonomy":"post_tag","embeddable":true,"href":"https:\/\/www.europesays.com\/fr\/wp-json\/wp\/v2\/tags?post=322832"}],"curies":[{"name":"wp","href":"https:\/\/api.w.org\/{rel}","templated":true}]}}