{"id":322834,"date":"2025-08-16T12:03:13","date_gmt":"2025-08-16T12:03:13","guid":{"rendered":"https:\/\/www.europesays.com\/fr\/322834\/"},"modified":"2025-08-16T12:03:13","modified_gmt":"2025-08-16T12:03:13","slug":"letablissement-no-school-peine-a-trouver-ses-etudiants","status":"publish","type":"post","link":"https:\/\/www.europesays.com\/fr\/322834\/","title":{"rendered":"l\u2019\u00e9tablissement No School peine \u00e0 trouver ses \u00e9tudiants"},"content":{"rendered":"<p>Sur son campus montois, l\u2019\u00e9cole de commerce bordelaise No School esp\u00e9rait attirer entre \u00ab\u00a080 et 100\u00a0\u00bb \u00e9tudiants pour sa premi\u00e8re rentr\u00e9e dans les Landes, pr\u00e9vue le 1er\u00a0septembre 2025. Et m\u00eame 300 d\u2019ici 2027.<\/p>\n<p>L\u2019\u00e9tablissement a multipli\u00e9 les campagnes de communication pour informer le public de son arriv\u00e9e prochaine dans la pr\u00e9fecture landaise. Pendant les F\u00eates de la Madeleine, il n\u2019\u00e9tait pas rare de croiser la mascotte de No School, \u00ab\u00a0NoDuck\u00a0\u00bb (un grand canard jaune), dans les rues du Moun, distribuant des petits cadeaux aux hestayres. En mars dernier, c\u2019est l\u2019influenceur Jeremstar, aux 2\u00a0millions d\u2019abonn\u00e9s sur Snapchat, qui \u00e9tait de passage \u00e0 Mont-de-Marsan pour pr\u00e9senter la future antenne landaise de l\u2019\u00e9cole de commerce \u00e0 sa communaut\u00e9 sur les r\u00e9seaux sociaux.<\/p>\n<p>Malgr\u00e9 cela, l\u2019\u00e9cole, qui propose des formations post-bac en alternance (du BTS jusqu\u2019au mast\u00e8re), peine \u00e0 recruter ses \u00e9tudiants pour la rentr\u00e9e. \u00ab\u00a0Nous n\u2019avons qu\u2019une quarantaine d\u2019\u00e9l\u00e8ves inscrits et plac\u00e9s en entreprise \u00e0 un mois de la rentr\u00e9e. Nous manquons de gamins (sic) et avons toujours des postes \u00e0 pourvoir dans des entreprises landaises\u00a0\u00bb, d\u00e9clare Sophie Goutaille, dirigeante associ\u00e9e de No School. L\u2019\u00e9cole de commerce esp\u00e8re tout de m\u00eame pouvoir attirer une vingtaine d\u2019\u00e9tudiants suppl\u00e9mentaires pour atteindre \u00ab\u00a060 ou 70 \u00e9l\u00e8ves\u00a0\u00bb d\u2019ici le 1er\u00a0septembre, date pr\u00e9vue du d\u00e9but des cours (1).<\/p>\n<p>Pour leur premi\u00e8re rentr\u00e9e, les \u00e9l\u00e8ves montois seront accueillis au 4, rue des Remparts, dans des locaux \u00ab\u00a0d\u2019environ 1\u00a0500\u00a0m\u00e8tres carr\u00e9s\u00a0\u00bb, en face du square des Anciens combattants. Une adresse temporaire, car l\u2019\u00e9cole prendra la place de l\u2019ancien cin\u00e9ma Le Royal, situ\u00e9 rue du Mar\u00e9chal-Bosquet, une fois les travaux de r\u00e9novation termin\u00e9s, \u00ab\u00a0entre octobre 2026 et janvier 2027\u00a0\u00bb.<\/p>\n<p>\u00ab\u00a0Soft skills\u00a0\u00bb<\/p>\n<p>Ex-IF2E, renomm\u00e9 No School en 2019, l\u2019\u00e9tablissement mise sur un fonctionnement qui se veut diff\u00e9rent des \u00ab\u00a0usines \u00e0 dipl\u00f4mes\u00a0\u00bb, en mettant l\u2019accent sur l\u2019accompagnement de ses \u00e9tudiants, et le d\u00e9veloppement des \u00ab\u00a0soft skills\u00a0\u00bb (comp\u00e9tences douces, en fran\u00e7ais).<\/p>\n<p>\u00ab\u00a0Les soft skills regroupent toutes ces comp\u00e9tences qui habituellement ne s\u2019enseignent pas\u00a0: la confiance en soi, l\u2019adaptabilit\u00e9, l\u2019empathie, la gestion du temps, la communication\u00a0\u00bb, peut-on lire sur le site Internet de l\u2019\u00e9cole. \u00ab\u00a0Chez No School, on a d\u00e9cid\u00e9 de mettre ces comp\u00e9tences au centre de notre projet, du bac +\u00a02 au bac +\u00a05.\u00a0\u00bb<\/p>\n<p>Pour sa rentr\u00e9e 2025, les 1\u00a0400 \u00e9l\u00e8ves de No School \u00e0 Bordeaux, et ceux de l\u2019antenne montoise, sont donc convi\u00e9s \u00e0 une \u00ab\u00a0semaine des soft skills\u00a0\u00bb \u00e0 l\u2019Arena de Floirac (Gironde), o\u00f9 ils pourront \u00e9changer avec plusieurs personnalit\u00e9s invit\u00e9es pour l\u2019occasion.<\/p>\n<p>(1) Durant ce mois d\u2019ao\u00fbt, les bureaux du 32, rue L\u00e9on-Gambetta sont ouverts pour r\u00e9pondre aux questions du public.<\/p>\n<p>    Informations pratiques<br \/>\nNo School \u00e0 Mont-de-Marsan propose des formations du BTS au mast\u00e8re dans plusieurs fili\u00e8res\u00a0: banque, assurances, ressources humaines, commerce, marketing. \u00ab\u00a0Si un \u00e9tudiant s\u2019inscrit au dernier moment et n\u2019est pas plac\u00e9 dans une entreprise, No School prend en charge ses frais de scolarit\u00e9 pour la premi\u00e8re ann\u00e9e\u00a0\u00bb, pr\u00e9cise Sophie Goutaille. Plus d\u2019informations\u00a0: 05\u00a058\u00a075\u00a095\u00a016 ou noschool.fr<\/p>\n","protected":false},"excerpt":{"rendered":"Sur son campus montois, l\u2019\u00e9cole de commerce bordelaise No School esp\u00e9rait attirer entre \u00ab\u00a080 et 100\u00a0\u00bb \u00e9tudiants pour&hellip;\n","protected":false},"author":2,"featured_media":322835,"comment_status":"","ping_status":"","sticky":false,"template":"","format":"standard","meta":{"footnotes":""},"categories":[2817],"tags":[1111,11,1997,1777,674,1011,27,12,2219,25],"class_list":{"0":"post-322834","1":"post","2":"type-post","3":"status-publish","4":"format-standard","5":"has-post-thumbnail","7":"category-bordeaux","8":"tag-actu","9":"tag-actualites","10":"tag-bordeaux","11":"tag-eu","12":"tag-europe","13":"tag-fr","14":"tag-france","15":"tag-news","16":"tag-nouvelle-aquitaine","17":"tag-republique-francaise"},"share_on_mastodon":{"url":"https:\/\/pubeurope.com\/@fr\/115038349117430106","error":""},"_links":{"self":[{"href":"https:\/\/www.europesays.com\/fr\/wp-json\/wp\/v2\/posts\/322834","targetHints":{"allow":["GET"]}}],"collection":[{"href":"https:\/\/www.europesays.com\/fr\/wp-json\/wp\/v2\/posts"}],"about":[{"href":"https:\/\/www.europesays.com\/fr\/wp-json\/wp\/v2\/types\/post"}],"author":[{"embeddable":true,"href":"https:\/\/www.europesays.com\/fr\/wp-json\/wp\/v2\/users\/2"}],"replies":[{"embeddable":true,"href":"https:\/\/www.europesays.com\/fr\/wp-json\/wp\/v2\/comments?post=322834"}],"version-history":[{"count":0,"href":"https:\/\/www.europesays.com\/fr\/wp-json\/wp\/v2\/posts\/322834\/revisions"}],"wp:featuredmedia":[{"embeddable":true,"href":"https:\/\/www.europesays.com\/fr\/wp-json\/wp\/v2\/media\/322835"}],"wp:attachment":[{"href":"https:\/\/www.europesays.com\/fr\/wp-json\/wp\/v2\/media?parent=322834"}],"wp:term":[{"taxonomy":"category","embeddable":true,"href":"https:\/\/www.europesays.com\/fr\/wp-json\/wp\/v2\/categories?post=322834"},{"taxonomy":"post_tag","embeddable":true,"href":"https:\/\/www.europesays.com\/fr\/wp-json\/wp\/v2\/tags?post=322834"}],"curies":[{"name":"wp","href":"https:\/\/api.w.org\/{rel}","templated":true}]}}