{"id":322836,"date":"2025-08-16T12:04:17","date_gmt":"2025-08-16T12:04:17","guid":{"rendered":"https:\/\/www.europesays.com\/fr\/322836\/"},"modified":"2025-08-16T12:04:17","modified_gmt":"2025-08-16T12:04:17","slug":"transferts-top-14-yannick-bru-prolonge-avec-bordeaux-begles-jusquen-2029","status":"publish","type":"post","link":"https:\/\/www.europesays.com\/fr\/322836\/","title":{"rendered":"Transferts\/Top 14. Yannick Bru prolonge avec Bordeaux-B\u00e8gles jusqu&rsquo;en 2029"},"content":{"rendered":"<p>\n                Le club de l&rsquo;Union Bordeaux-B\u00e8gles annonce ce samedi la prolongation de son manager Yannick Bru, jusqu&rsquo;en 2029.\n            <\/p>\n<p>C&rsquo;est d\u00e9sormais officiel : Yannick Bru sera li\u00e9 \u00e0 l&rsquo;Union Bordeaux-B\u00e8gles jusqu&rsquo;en 2029. Le club girondin a communiqu\u00e9 cette prolongation ce samedi en milieu de journ\u00e9e. Apr\u00e8s l&rsquo;obtention du premier titre majeur de la jeune histoire du club, \u00e0 savoir la Champions Cup au printemps dernier, le manager, qui \u00e9tait d\u00e9j\u00e0 en contrat jusqu&rsquo;en 2027, s&rsquo;est mis d&rsquo;accord avec sa direction pour prolonger ce bail.<\/p>\n<p>\u00ab\u00a0Avec Yannick nous partageons la m\u00eame vision : construire dans la dur\u00e9e pour emmener l\u2019UBB encore plus haut, justifie le pr\u00e9sident Laurent Marti dans le communiqu\u00e9 officiel. Sa prolongation jusqu\u2019en 2029 est un signal fort envoy\u00e9 \u00e0 nos joueurs, nos supporters et \u00e0 tous nos partenaires.\u00a0\u00bb<\/p>\n<p>        <img decoding=\"async\" class=\"std-img__img responsive-img\" src=\"https:\/\/www.europesays.com\/fr\/wp-content\/uploads\/2025\/08\/1755345857_665_image.jpg\" alt=\"Yannick Bru, manager, et Laurent Marti, pr\u00e9sident de l'UBB.\"\/><\/p>\n<p>                Yannick Bru, manager, et Laurent Marti, pr\u00e9sident de l&rsquo;UBB.<br \/>\n                                    Icon Sport<\/p>\n<p>\u00ab\u00a0Je suis tr\u00e8s heureux de prolonger l\u2019aventure avec l\u2019UBB, exprime le principal int\u00e9ress\u00e9. Ce club, ses joueurs, ses supporters et ses partenaires m\u00e9ritent de vivre de grandes \u00e9motions. Nous allons continuer \u00e0 travailler dur pour atteindre nos objectifs et marquer l\u2019histoire ensemble.\u00a0\u00bb<\/p>\n","protected":false},"excerpt":{"rendered":"Le club de l&rsquo;Union Bordeaux-B\u00e8gles annonce ce samedi la prolongation de son manager Yannick Bru, jusqu&rsquo;en 2029. C&rsquo;est&hellip;\n","protected":false},"author":2,"featured_media":322837,"comment_status":"","ping_status":"","sticky":false,"template":"","format":"standard","meta":{"footnotes":""},"categories":[2817],"tags":[1111,11,1997,1777,674,1011,27,12,2219,25],"class_list":{"0":"post-322836","1":"post","2":"type-post","3":"status-publish","4":"format-standard","5":"has-post-thumbnail","7":"category-bordeaux","8":"tag-actu","9":"tag-actualites","10":"tag-bordeaux","11":"tag-eu","12":"tag-europe","13":"tag-fr","14":"tag-france","15":"tag-news","16":"tag-nouvelle-aquitaine","17":"tag-republique-francaise"},"share_on_mastodon":{"url":"https:\/\/pubeurope.com\/@fr\/115038353132939063","error":""},"_links":{"self":[{"href":"https:\/\/www.europesays.com\/fr\/wp-json\/wp\/v2\/posts\/322836","targetHints":{"allow":["GET"]}}],"collection":[{"href":"https:\/\/www.europesays.com\/fr\/wp-json\/wp\/v2\/posts"}],"about":[{"href":"https:\/\/www.europesays.com\/fr\/wp-json\/wp\/v2\/types\/post"}],"author":[{"embeddable":true,"href":"https:\/\/www.europesays.com\/fr\/wp-json\/wp\/v2\/users\/2"}],"replies":[{"embeddable":true,"href":"https:\/\/www.europesays.com\/fr\/wp-json\/wp\/v2\/comments?post=322836"}],"version-history":[{"count":0,"href":"https:\/\/www.europesays.com\/fr\/wp-json\/wp\/v2\/posts\/322836\/revisions"}],"wp:featuredmedia":[{"embeddable":true,"href":"https:\/\/www.europesays.com\/fr\/wp-json\/wp\/v2\/media\/322837"}],"wp:attachment":[{"href":"https:\/\/www.europesays.com\/fr\/wp-json\/wp\/v2\/media?parent=322836"}],"wp:term":[{"taxonomy":"category","embeddable":true,"href":"https:\/\/www.europesays.com\/fr\/wp-json\/wp\/v2\/categories?post=322836"},{"taxonomy":"post_tag","embeddable":true,"href":"https:\/\/www.europesays.com\/fr\/wp-json\/wp\/v2\/tags?post=322836"}],"curies":[{"name":"wp","href":"https:\/\/api.w.org\/{rel}","templated":true}]}}