{"id":322842,"date":"2025-08-16T12:07:09","date_gmt":"2025-08-16T12:07:09","guid":{"rendered":"https:\/\/www.europesays.com\/fr\/322842\/"},"modified":"2025-08-16T12:07:09","modified_gmt":"2025-08-16T12:07:09","slug":"une-grande-vente-de-baskets-de-marque-a-prix-casses-des-10-euros","status":"publish","type":"post","link":"https:\/\/www.europesays.com\/fr\/322842\/","title":{"rendered":"une grande vente de baskets de marque \u00e0 prix cass\u00e9s d\u00e8s 10 euros"},"content":{"rendered":"<p>            Par<br \/>\n        <strong><br \/>\n            <a href=\"https:\/\/actu.fr\/auteur\/bastien-grossin\" title=\"Consulter tous les articles de Bastien Grossin\" rel=\"nofollow noopener\" target=\"_blank\">Bastien Grossin<\/a><br \/>\n        <\/strong><\/p>\n<p>        Publi\u00e9 le<\/p>\n<p>            16 ao\u00fbt 2025 \u00e0 13h02        <\/p>\n<p>La rentr\u00e9e scolaire approche \u00e0 grands pas et c\u2019est souvent la p\u00e9riode o\u00f9 on renouvelle la garde-robe des enfants. Bonne nouvelle pour les familles de la m\u00e9tropole lilloise, du <b>19 au 23\u00a0ao\u00fbt 2025<\/b>, une grande vente priv\u00e9e de baskets et chaussures enfants se d\u00e9roulera \u00e0 <a href=\"https:\/\/actu.fr\/hauts-de-france\/wasquehal_59646\" rel=\"nofollow noopener\" target=\"_blank\">Wasquehal<\/a> (Nord) pr\u00e8s de <a href=\"https:\/\/actu.fr\/tag\/lille\" rel=\"nofollow noopener\" target=\"_blank\">Lille<\/a>. Organis\u00e9e \u00e0 L\u2019\u00c9ph\u00e9m\u00e8re, un espace de<b> 300 m\u00b2<\/b> d\u00e9di\u00e9 aux bons plans shopping, l\u2019\u00e9v\u00e9nement proposera plus de<b> 3\u2009000 paires de chaussures<\/b> de marque \u00e0 prix r\u00e9duits.<\/p>\n<p>Des pointures allant du 18 au 45<\/p>\n<p class=\" wall-content\">En effet, les familles pourront profiter de <b data-end=\"764\">remises allant jusqu\u2019\u00e0 -70\u2009%<\/b> et de mod\u00e8les \u00e0 partir de <b data-end=\"809\">10\u00a0\u20ac seulement<\/b>. De quoi pr\u00e9parer la rentr\u00e9e sans exploser le budget. Les chaussures concernent les b\u00e9b\u00e9s, les enfants et les ados, avec des pointures allant du <b data-end=\"959\">18 au 45<\/b>.<\/p>\n<p class=\" wall-content\">De nombreuses <b data-end=\"999\">marques <\/b>seront au rendez-vous avec notamment\u2009: <b data-end=\"1098\">Puma, Adidas, Kickers, Geox, Camper, Babybotte, No\u00ebl, Bellamy, Kipling<\/b> et bien d\u2019autres encore. Une occasion unique de trouver des baskets tendance et pas ch\u00e8res<b data-end=\"1190\"> <\/b>avant la rentr\u00e9e scolaire.<\/p>\n<p class=\" wall-content\">Pour plus d\u2019informations, rendez-vous sur <a href=\"https:\/\/www.facebook.com\/share\/p\/1Au81Qj8UU\/?mibextid=wwXIfr\" rel=\"nofollow noopener\" target=\"_blank\">la page Facebook de l\u2019\u00c9ph\u00e9m\u00e8re<\/a>.<\/p>\n<p class=\" wall-content\">Suivez toute l\u2019actualit\u00e9 de vos villes et m\u00e9dias favoris en vous inscrivant \u00e0 <a href=\"https:\/\/moncompte.actu.fr\" title=\"D\u00e9couvez Mon Actu\" rel=\"nofollow noopener\" data-trk=\"{&quot;cta&quot;:{&quot;action&quot;:&quot;https:\\\/\\\/moncompte.actu.fr&quot;,&quot;category&quot;:&quot;mon compte&quot;,&quot;from&quot;:&quot;article footer&quot;,&quot;name&quot;:&quot;Mon actu&quot;,&quot;type&quot;:&quot;cta&quot;}}\" target=\"_blank\">Mon Actu<\/a>.<\/p>\n","protected":false},"excerpt":{"rendered":"Par Bastien Grossin Publi\u00e9 le 16 ao\u00fbt 2025 \u00e0 13h02 La rentr\u00e9e scolaire approche \u00e0 grands pas et&hellip;\n","protected":false},"author":2,"featured_media":322843,"comment_status":"","ping_status":"","sticky":false,"template":"","format":"standard","meta":{"footnotes":""},"categories":[2815],"tags":[1111,11,6557,1777,674,1011,27,811,1757,1307,12,25],"class_list":{"0":"post-322842","1":"post","2":"type-post","3":"status-publish","4":"format-standard","5":"has-post-thumbnail","7":"category-lille","8":"tag-actu","9":"tag-actualites","10":"tag-bon-plan-a-lille","11":"tag-eu","12":"tag-europe","13":"tag-fr","14":"tag-france","15":"tag-hauts-de-france","16":"tag-insolite","17":"tag-lille","18":"tag-news","19":"tag-republique-francaise"},"share_on_mastodon":{"url":"https:\/\/pubeurope.com\/@fr\/115038364885102064","error":""},"_links":{"self":[{"href":"https:\/\/www.europesays.com\/fr\/wp-json\/wp\/v2\/posts\/322842","targetHints":{"allow":["GET"]}}],"collection":[{"href":"https:\/\/www.europesays.com\/fr\/wp-json\/wp\/v2\/posts"}],"about":[{"href":"https:\/\/www.europesays.com\/fr\/wp-json\/wp\/v2\/types\/post"}],"author":[{"embeddable":true,"href":"https:\/\/www.europesays.com\/fr\/wp-json\/wp\/v2\/users\/2"}],"replies":[{"embeddable":true,"href":"https:\/\/www.europesays.com\/fr\/wp-json\/wp\/v2\/comments?post=322842"}],"version-history":[{"count":0,"href":"https:\/\/www.europesays.com\/fr\/wp-json\/wp\/v2\/posts\/322842\/revisions"}],"wp:featuredmedia":[{"embeddable":true,"href":"https:\/\/www.europesays.com\/fr\/wp-json\/wp\/v2\/media\/322843"}],"wp:attachment":[{"href":"https:\/\/www.europesays.com\/fr\/wp-json\/wp\/v2\/media?parent=322842"}],"wp:term":[{"taxonomy":"category","embeddable":true,"href":"https:\/\/www.europesays.com\/fr\/wp-json\/wp\/v2\/categories?post=322842"},{"taxonomy":"post_tag","embeddable":true,"href":"https:\/\/www.europesays.com\/fr\/wp-json\/wp\/v2\/tags?post=322842"}],"curies":[{"name":"wp","href":"https:\/\/api.w.org\/{rel}","templated":true}]}}