{"id":322846,"date":"2025-08-16T12:09:30","date_gmt":"2025-08-16T12:09:30","guid":{"rendered":"https:\/\/www.europesays.com\/fr\/322846\/"},"modified":"2025-08-16T12:09:30","modified_gmt":"2025-08-16T12:09:30","slug":"ce-que-lon-sait-de-lenquete-pour-viol-visant-paga-star-des-marseillais","status":"publish","type":"post","link":"https:\/\/www.europesays.com\/fr\/322846\/","title":{"rendered":"ce que l&rsquo;on sait de l&rsquo;enqu\u00eate pour viol visant Paga, star des Marseillais"},"content":{"rendered":"<p>            Par<br \/>\n        <strong><br \/>\n            <a href=\"https:\/\/actu.fr\/auteur\/thibault-nadal-actu-fr\" title=\"Consulter tous les articles de Thibault Nadal\" rel=\"nofollow noopener\" target=\"_blank\">Thibault Nadal<\/a><br \/>\n        <\/strong><\/p>\n<p>        Publi\u00e9 le<\/p>\n<p>            11 ao\u00fbt 2025 \u00e0 11h35        <\/p>\n<p>C\u2019est une affaire qui a fait grand bruit. Ce samedi 9\u00a0ao\u00fbt 2025, Anthony Paggini, plus connu sous le nom de \u00ab\u2009Paga\u2009\u00bb a \u00e9t\u00e9 interpell\u00e9 puis plac\u00e9 en garde \u00e0 vue \u00e0 <strong>Ramatuelle<\/strong> (<a href=\"https:\/\/actu.fr\/provence-alpes-cote-d-azur\/var_83\" rel=\"nofollow noopener\" target=\"_blank\">Var<\/a>). L\u2019influenceur r\u00e9v\u00e9l\u00e9 dans l\u2019\u00e9mission de t\u00e9l\u00e9-r\u00e9alit\u00e9 Les Marseillais\u00a0est accus\u00e9 de viol.<\/p>\n<p class=\" wall-content\">Une information confirm\u00e9e par le parquet de Draguignan aupr\u00e8s de nos confr\u00e8res du <a href=\"https:\/\/www.lefigaro.fr\/faits-divers\/saint-tropez-la-star-de-la-tele-realite-paga-en-garde-a-vue-pour-viol-20250809\" rel=\"nofollow noopener\" target=\"_blank\">Figaro<\/a>. \u00ab\u2009M. Anthony Paggini, n\u00e9 en 1988, est actuellement en garde \u00e0 vue <strong>dans le cadre d\u2019une enqu\u00eate ouverte du chef de viol<\/strong>\u2009\u00bb, indiquait le minist\u00e8re public.<\/p>\n<p>Une jeune femme d\u2019une vingtaine d\u2019ann\u00e9es<\/p>\n<p class=\" wall-content\">C\u2019est dans la nuit de vendredi \u00e0 samedi que l\u2019influenceur aux 2,4\u00a0millions d\u2019abonn\u00e9s a \u00e9t\u00e9 interpell\u00e9. Il sortait de la plage festive Casa Amor \u00e0 Ramatuelle.<\/p>\n<p class=\" wall-content\">Plac\u00e9 en garde \u00e0 vue \u00e0 9h samedi matin \u00e0 la gendarmerie de Gassin, il est finalement <strong>ressorti libre dans la soir\u00e9e<\/strong>. Peu de choses ont filtr\u00e9 sur l\u2019accusatrice, mais selon Le Figaro, il s\u2019agirait d\u2019une jeune femme d\u2019une vingtaine d\u2019ann\u00e9es. Nos confr\u00e8res ajoutent qu\u2019au moins un t\u00e9moin serait en mesure d\u2019affirmer qu\u2019aucun viol n\u2019a \u00e9t\u00e9 commis.<\/p>\n<p class=\" wall-content\">Le blogueur Aqababe, premier \u00e0 avoir r\u00e9v\u00e9l\u00e9 l\u2019affaire, assure de son c\u00f4t\u00e9 que la jeune femme <strong>\u00ab\u2009aurait eu peur\u2009\u00bb de devoir assumer qu\u2019elle a eu une relation sexuelle<\/strong> avec un homme mari\u00e9, alors qu\u2019elle est elle-m\u00eame en couple.<\/p>\n<p class=\" wall-content\">\n<p>Vers une plainte pour diffamation\u2009?<\/p>\n<p class=\" wall-content\">Ce dimanche, dans un communiqu\u00e9, les avocats de Paga ont d\u00e9nonc\u00e9 des \u00ab\u2009accusations totalement infond\u00e9es\u2009\u00bb.<\/p>\n<p class=\" wall-content\">\n<p class=\" wall-content\">Aupr\u00e8s du Figaro, Me Margaux Mathieu argue que <strong>son client \u00ab\u2009a \u00e9t\u00e9 accus\u00e9 \u00e0 tort\u2009\u00bb<\/strong> et qu\u2019il \u00ab\u2009n\u2019a jamais commis d\u2019agression sexuelle\u2009\u00bb.<\/p>\n<blockquote class=\"ac-article-quote wall-content\">\n<p>Aujourd&rsquo;hui, profond\u00e9ment choqu\u00e9 d&rsquo;avoir \u00e9t\u00e9 accus\u00e9 de tels actes, il souhaite retrouver un peu de paix et de s\u00e9r\u00e9nit\u00e9, entour\u00e9 de ses proches.<\/p>\n<p>    <strong>Margaux Mathieu et Jules Plancque<\/strong><br \/>\n        Avocats de Paga    <\/p><\/blockquote>\n<p class=\" wall-content\">Apr\u00e8s la plainte d\u00e9pos\u00e9e par la plaignante, les avocats de Paga expliquent \u00e9tudier \u00ab\u2009les suites \u00e0 donner \u00e0 ces accusations calomnieuses\u2009\u00bb.<\/p>\n<p class=\" wall-content\">Suivez toute l\u2019actualit\u00e9 de vos villes et m\u00e9dias favoris en vous inscrivant \u00e0 <a href=\"https:\/\/moncompte.actu.fr\" title=\"D\u00e9couvez Mon Actu\" rel=\"nofollow noopener\" data-trk=\"{&quot;cta&quot;:{&quot;action&quot;:&quot;https:\\\/\\\/moncompte.actu.fr&quot;,&quot;category&quot;:&quot;mon compte&quot;,&quot;from&quot;:&quot;article footer&quot;,&quot;name&quot;:&quot;Mon actu&quot;,&quot;type&quot;:&quot;cta&quot;}}\" target=\"_blank\">Mon Actu<\/a>.<\/p>\n<ul class=\"ac-article-tag wall-content\">\n<li><a href=\"https:\/\/actu.fr\/tag\/justice\" data-trk=\"{&quot;cta&quot;:{&quot;action&quot;:&quot;Justice&quot;,&quot;category&quot;:&quot;tag&quot;,&quot;from&quot;:&quot;article footer&quot;,&quot;name&quot;:&quot;Justice&quot;,&quot;type&quot;:&quot;cta&quot;}}\" rel=\"nofollow noopener\" target=\"_blank\">#Justice<\/a><\/li>\n<li><a href=\"https:\/\/actu.fr\/tag\/violences-sexuelles\" data-trk=\"{&quot;cta&quot;:{&quot;action&quot;:&quot;Violences sexuelles&quot;,&quot;category&quot;:&quot;tag&quot;,&quot;from&quot;:&quot;article footer&quot;,&quot;name&quot;:&quot;Violences sexuelles&quot;,&quot;type&quot;:&quot;cta&quot;}}\" rel=\"nofollow noopener\" target=\"_blank\">#Violences sexuelles<\/a><\/li>\n<\/ul>\n","protected":false},"excerpt":{"rendered":"Par Thibault Nadal Publi\u00e9 le 11 ao\u00fbt 2025 \u00e0 11h35 C\u2019est une affaire qui a fait grand bruit.&hellip;\n","protected":false},"author":2,"featured_media":322847,"comment_status":"","ping_status":"","sticky":false,"template":"","format":"standard","meta":{"footnotes":""},"categories":[2814],"tags":[1111,11,1777,674,118,1011,27,303,884,12,882,25,799],"class_list":{"0":"post-322846","1":"post","2":"type-post","3":"status-publish","4":"format-standard","5":"has-post-thumbnail","7":"category-marseille","8":"tag-actu","9":"tag-actualites","10":"tag-eu","11":"tag-europe","12":"tag-faits-divers","13":"tag-fr","14":"tag-france","15":"tag-justice","16":"tag-marseille","17":"tag-news","18":"tag-provence-alpes-cote-dazur","19":"tag-republique-francaise","20":"tag-violences-sexuelles"},"share_on_mastodon":{"url":"https:\/\/pubeurope.com\/@fr\/115038372777243516","error":""},"_links":{"self":[{"href":"https:\/\/www.europesays.com\/fr\/wp-json\/wp\/v2\/posts\/322846","targetHints":{"allow":["GET"]}}],"collection":[{"href":"https:\/\/www.europesays.com\/fr\/wp-json\/wp\/v2\/posts"}],"about":[{"href":"https:\/\/www.europesays.com\/fr\/wp-json\/wp\/v2\/types\/post"}],"author":[{"embeddable":true,"href":"https:\/\/www.europesays.com\/fr\/wp-json\/wp\/v2\/users\/2"}],"replies":[{"embeddable":true,"href":"https:\/\/www.europesays.com\/fr\/wp-json\/wp\/v2\/comments?post=322846"}],"version-history":[{"count":0,"href":"https:\/\/www.europesays.com\/fr\/wp-json\/wp\/v2\/posts\/322846\/revisions"}],"wp:featuredmedia":[{"embeddable":true,"href":"https:\/\/www.europesays.com\/fr\/wp-json\/wp\/v2\/media\/322847"}],"wp:attachment":[{"href":"https:\/\/www.europesays.com\/fr\/wp-json\/wp\/v2\/media?parent=322846"}],"wp:term":[{"taxonomy":"category","embeddable":true,"href":"https:\/\/www.europesays.com\/fr\/wp-json\/wp\/v2\/categories?post=322846"},{"taxonomy":"post_tag","embeddable":true,"href":"https:\/\/www.europesays.com\/fr\/wp-json\/wp\/v2\/tags?post=322846"}],"curies":[{"name":"wp","href":"https:\/\/api.w.org\/{rel}","templated":true}]}}