{"id":322850,"date":"2025-08-16T12:11:09","date_gmt":"2025-08-16T12:11:09","guid":{"rendered":"https:\/\/www.europesays.com\/fr\/322850\/"},"modified":"2025-08-16T12:11:09","modified_gmt":"2025-08-16T12:11:09","slug":"prison-ferme-pour-le-comorien-arrete-a-lyon-apres-une-folle-et-dangereuse-course-poursuite","status":"publish","type":"post","link":"https:\/\/www.europesays.com\/fr\/322850\/","title":{"rendered":"Prison ferme pour le Comorien arr\u00eat\u00e9 \u00e0 Lyon apr\u00e8s une folle et dangereuse course-poursuite"},"content":{"rendered":"<p itemprop=\"description\"><strong>Le tribunal correctionnel de Villefranche-sur-Sa\u00f4ne jugeait un ressortissant comorien ce jeudi.<\/strong><\/p>\n<p>Quelques jours plus t\u00f4t, dimanche, il avait r\u00e9alis\u00e9 une course-poursuite avec les gendarmes entre Anse et le tunnel de Fourvi\u00e8re \u00e0 Lyon.<\/p>\n<p>Circulant \u00e0 bord de la voiture d&rsquo;un proche \u00e0 Anse, il avait paniqu\u00e9 lorsque les militaires lui avaient demand\u00e9 de s&rsquo;arr\u00eater pour un contr\u00f4le. Persuad\u00e9, \u00e0 tort, que le v\u00e9hicule n&rsquo;\u00e9tait pas assur\u00e9, il avait pris d&rsquo;importants risques pour \u00e9chapper \u00e0 une sanction.<\/p>\n<p>Il avait alors emprunt\u00e9 l&rsquo;autoroute A6 jusqu&rsquo;\u00e0 Lyon, roulant jusqu&rsquo;\u00e0 180km\/h, percutant le v\u00e9hicule de ses poursuivants. Le Comorien s&rsquo;\u00e9tait ensuite rebell\u00e9 lors de son interpellation facilit\u00e9e par les embouteillages \u00e0 l&rsquo;approche de Fourvi\u00e8re, blessant un policier de la Bac au visage (3 jours d&rsquo;ITT).<\/p>\n<p>Face aux juges caladois, aid\u00e9 par un traducteur, l&rsquo;homme \u00e2g\u00e9 de 37 ans s&rsquo;est excus\u00e9, tout en d\u00e9clarant n&rsquo;avoir aucun souvenir de la course-poursuite.<\/p>\n<p>Il a \u00e9cop\u00e9 de 2 ans de prison, dont 1 an ferme. A l&rsquo;issue de l&rsquo;audience, il a \u00e9t\u00e9 \u00e9crou\u00e9.<\/p>\n","protected":false},"excerpt":{"rendered":"Le tribunal correctionnel de Villefranche-sur-Sa\u00f4ne jugeait un ressortissant comorien ce jeudi. Quelques jours plus t\u00f4t, dimanche, il avait&hellip;\n","protected":false},"author":2,"featured_media":322851,"comment_status":"","ping_status":"","sticky":false,"template":"","format":"standard","meta":{"footnotes":""},"categories":[1889],"tags":[1111,11,2813,2190,2430,1109,251,1112,2811,1777,674,118,1011,27,1922,1110,1114,2428,2810,12,241,316,25,2812,517,800],"class_list":{"0":"post-322850","1":"post","2":"type-post","3":"status-publish","4":"format-standard","5":"has-post-thumbnail","7":"category-lyon","8":"tag-actu","9":"tag-actualites","10":"tag-article","11":"tag-asvel","12":"tag-auvergne-rhone-alpes","13":"tag-breves","14":"tag-culture","15":"tag-depeches","16":"tag-economique","17":"tag-eu","18":"tag-europe","19":"tag-faits-divers","20":"tag-fr","21":"tag-france","22":"tag-info","23":"tag-informations","24":"tag-infos","25":"tag-lyon","26":"tag-lyonmag","27":"tag-news","28":"tag-ol","29":"tag-politique","30":"tag-republique-francaise","31":"tag-sociale","32":"tag-sport","33":"tag-transports"},"share_on_mastodon":{"url":"https:\/\/pubeurope.com\/@fr\/115038380770131777","error":""},"_links":{"self":[{"href":"https:\/\/www.europesays.com\/fr\/wp-json\/wp\/v2\/posts\/322850","targetHints":{"allow":["GET"]}}],"collection":[{"href":"https:\/\/www.europesays.com\/fr\/wp-json\/wp\/v2\/posts"}],"about":[{"href":"https:\/\/www.europesays.com\/fr\/wp-json\/wp\/v2\/types\/post"}],"author":[{"embeddable":true,"href":"https:\/\/www.europesays.com\/fr\/wp-json\/wp\/v2\/users\/2"}],"replies":[{"embeddable":true,"href":"https:\/\/www.europesays.com\/fr\/wp-json\/wp\/v2\/comments?post=322850"}],"version-history":[{"count":0,"href":"https:\/\/www.europesays.com\/fr\/wp-json\/wp\/v2\/posts\/322850\/revisions"}],"wp:featuredmedia":[{"embeddable":true,"href":"https:\/\/www.europesays.com\/fr\/wp-json\/wp\/v2\/media\/322851"}],"wp:attachment":[{"href":"https:\/\/www.europesays.com\/fr\/wp-json\/wp\/v2\/media?parent=322850"}],"wp:term":[{"taxonomy":"category","embeddable":true,"href":"https:\/\/www.europesays.com\/fr\/wp-json\/wp\/v2\/categories?post=322850"},{"taxonomy":"post_tag","embeddable":true,"href":"https:\/\/www.europesays.com\/fr\/wp-json\/wp\/v2\/tags?post=322850"}],"curies":[{"name":"wp","href":"https:\/\/api.w.org\/{rel}","templated":true}]}}