{"id":322852,"date":"2025-08-16T12:12:16","date_gmt":"2025-08-16T12:12:16","guid":{"rendered":"https:\/\/www.europesays.com\/fr\/322852\/"},"modified":"2025-08-16T12:12:16","modified_gmt":"2025-08-16T12:12:16","slug":"chaine-tv-compositions-heure-et-cotes","status":"publish","type":"post","link":"https:\/\/www.europesays.com\/fr\/322852\/","title":{"rendered":"Cha\u00eene TV, Compositions, Heure et Cotes"},"content":{"rendered":"<p style=\"text-align: justify;\"><strong>LIGUE 1 2025-2026 \u2013 \u00c0 quelle heure et sur quelle cha\u00eene TV suivre le match de Ligue 1 entre le RC Lens et l\u2019Olympique Lyonnais ? Retrouvez \u00e9galement les compositions des deux \u00e9quipes.<\/strong><\/p>\n<p style=\"text-align: justify;\">La rencontre entre le <a href=\"https:\/\/dicodusport.fr\/blog\/mercato-lens-2025-2026-le-tableau-complet-des-transferts-arrivees-et-departs\/\" target=\"_blank\" rel=\"noopener\"><strong>RC Lens<\/strong><\/a> et l\u2019<a href=\"https:\/\/dicodusport.fr\/blog\/mercato-ol-2025-2026-le-tableau-complet-des-transferts-arrivees-et-departs\/\" target=\"_blank\" rel=\"noopener\"><strong>Olympique Lyonnais<\/strong><\/a>, comptant pour la premi\u00e8re journ\u00e9e de Ligue 1 2025\/2026, aura lieu le samedi 16 ao\u00fbt \u00e0 17h00, au Stade Bollaert-Delelis de Lens.<\/p>\n<p>Thauvin d\u00e9j\u00e0 l\u00e0, Lyon a des arguments<\/p>\n<p style=\"text-align: justify;\">Le RC Lens a termin\u00e9 8\u00e8me de Ligue 1 la saison derni\u00e8re, et ne jouera donc pas de comp\u00e9tition europ\u00e9enne. Cons\u00e9quence de la voilure r\u00e9duite durant le mercato hivernal, avec notamment les ventes de <strong>Brice Samba<\/strong> ou <strong>Abdukodir Khusanov<\/strong>. Les Sang et Or n\u2019ont pas n\u00e9cessairement fait de folies \u00e0 l\u2019intersaison, mais ont tout de m\u00eame sign\u00e9 un des transferts marquants de l\u2019\u00e9t\u00e9 en rapatriant <strong>Florian Thauvin<\/strong>. Ce dernier a disput\u00e9 quelques minutes lors du dernier match amical et sera disponible pour l\u2019ouverture de la saison.<\/p>\n<blockquote class=\"twitter-tweet\">\n<p dir=\"ltr\" lang=\"fr\">\ud835\ude7d\ud835\ude98\ud835\ude9e\ud835\ude9f\ud835\ude8e\ud835\ude8a\ud835\ude9e \ud835\ude7b\ud835\ude74\ud835\ude7d\ud835\ude82\ud835\ude7e\ud835\ude78\ud835\ude82 : Florian Thauvin \u2764\ud83d\udc9b<\/p>\n<p>Champion du monde 2018, l\u2019attaquant rejoint le Racing en provenance de l\u2019<a href=\"https:\/\/twitter.com\/Udinese_1896?ref_src=twsrc%5Etfw\" target=\"_blank\" rel=\"noopener\">@Udinese_1896<\/a>. Rompu aux joutes de la <a href=\"https:\/\/twitter.com\/Ligue1?ref_src=twsrc%5Etfw\" target=\"_blank\" rel=\"noopener\">@Ligue1<\/a> (259 apparitions pour 86 r\u00e9alisations), l\u2019international tricolore s\u2019engage jusqu\u2019en 2028. \u270d\ufe0f<a href=\"https:\/\/twitter.com\/hashtag\/Thauvin2028?src=hash&amp;ref_src=twsrc%5Etfw\" target=\"_blank\" rel=\"noopener\">#Thauvin2028<\/a><\/p>\n<p>\u2014 Racing Club de Lens (@RCLens) <a href=\"https:\/\/twitter.com\/RCLens\/status\/1953802173868912936?ref_src=twsrc%5Etfw\" target=\"_blank\" rel=\"noopener\">August 8, 2025<\/a><\/p>\n<\/blockquote>\n<p style=\"text-align: justify;\">En face, l\u2019Olympique Lyonnais a connu une intersaison mouvement\u00e9e, se voyant r\u00e9trograd\u00e9 en Ligue 2 avant de sauver sa t\u00eate devant la DNCG. Les Gones ont cependant acc\u00e9l\u00e9r\u00e9 r\u00e9cemment sur le mercato, bouclant plusieurs signatures, dont Tyler Morton en provenance de Liverpool. Les contours de l\u2019effectif devraient encore s\u2019affiner d\u2019ici la fin de l\u2019\u00e9t\u00e9, mais en attendant, la pr\u00e9paration a \u00e9t\u00e9 satisfaisante, l\u2019OL n\u2019ayant perdu que contre le Bayern Munich en six matchs disput\u00e9s.<\/p>\n<p><img loading=\"lazy\" decoding=\"async\" alt=\"YouTube video\" width=\"480\" height=\"360\" data-pin-nopin=\"true\" nopin=\"nopin\" class=\"perfmatters-lazy\" src=\"https:\/\/www.europesays.com\/fr\/wp-content\/uploads\/2025\/08\/1755346333_984_hqdefault.jpg\"\/><\/p>\n<p style=\"text-align: justify;\">La saison pass\u00e9e, le score avait \u00e9t\u00e9 nul et vierge dans le Nord \u00e0 l\u2019aller, avant que Lens ne vienne d\u00e9crocher une victoire <strong>2-1<\/strong> au Groupama Stadium en fin de saison. Cependant, les Sang et Or sont de ti\u00e8des favoris pour ce match d\u2019ouverture.<\/p>\n<p>Ligue 1 : Le programme TV de Lens \u2013 Lyon<br \/>\nSamedi 16 ao\u00fbt 2025<\/p>\n<p style=\"text-align: justify;\"><b>Match diffus\u00e9 sur beIN SPORTS 1<\/b><b>\u00a0: <\/b>D\u00e9but du match \u00e0<strong> 17h00.<\/strong><\/p>\n<p>Les compositions probables de Lens \u2013 Lyon<br \/>\nLa composition de Lens<\/p>\n<p style=\"text-align: justify;\">Risser \u2013 Udol, Sarr, Baidoo \u2013 Thomasson, Diouf, Aguilar, Machado \u2013 Guilavogui, Thauvin \u2013 Sa\u00efd.<\/p>\n<p>La composition de Lyon<\/p>\n<p style=\"text-align: justify;\">Descamps \u2013 Kumbedi, Mata, Niakhat\u00e9, Abner \u2013 Tessmann, Morton \u2013 Maitland-Niles, Tolisso (cap.), M. Fofana \u2013 Mikautadze<\/p>\n<p>Les cotes de Lens \u2013 Lyon<\/p>\n<p style=\"text-align: justify;\">Tentez votre chance en profitant de votre <a href=\"https:\/\/www.winamax.fr\/registration\/landing\/affiliation_Bonus100?banid=33423\" target=\"_blank\" rel=\"noopener\">1er d\u00e9p\u00f4t doubl\u00e9 jusqu\u2019\u00e0 100 \u20ac<\/a> direct en paris gratuits sur Winamax !<\/p>\n<p>\n<a href=\"https:\/\/dicodusport.fr\/blog\/offres\/abonnements-sans-pub\/\" target=\"_blank\" rel=\"noopener\"><img loading=\"lazy\" decoding=\"async\" class=\"alignnone size-full wp-image-501284 perfmatters-lazy\" alt=\"\" width=\"1200\" height=\"200\" src=\"https:\/\/www.europesays.com\/fr\/wp-content\/uploads\/2025\/04\/Abonnements-sans-pubs-Dicodusport.png\"\/><\/a><\/p>\n<p>\t\t\t\t\t\t\t\t\t\t\t\t\t<script async src=\"https:\/\/platform.twitter.com\/widgets.js\" charset=\"utf-8\"><\/script><\/p>\n","protected":false},"excerpt":{"rendered":"LIGUE 1 2025-2026 \u2013 \u00c0 quelle heure et sur quelle cha\u00eene TV suivre le match de Ligue 1&hellip;\n","protected":false},"author":2,"featured_media":322853,"comment_status":"","ping_status":"","sticky":false,"template":"","format":"standard","meta":{"footnotes":""},"categories":[1889],"tags":[1111,11,2430,2113,1777,674,63,1011,27,66,2428,12,978,502,2264,25],"class_list":{"0":"post-322852","1":"post","2":"type-post","3":"status-publish","4":"format-standard","5":"has-post-thumbnail","7":"category-lyon","8":"tag-actu","9":"tag-actualites","10":"tag-auvergne-rhone-alpes","11":"tag-breve","12":"tag-eu","13":"tag-europe","14":"tag-football","15":"tag-fr","16":"tag-france","17":"tag-ligue-1","18":"tag-lyon","19":"tag-news","20":"tag-olympique-lyonnais","21":"tag-programme-tv","22":"tag-rc-lens","23":"tag-republique-francaise"},"share_on_mastodon":{"url":"https:\/\/pubeurope.com\/@fr\/115038384922834836","error":""},"_links":{"self":[{"href":"https:\/\/www.europesays.com\/fr\/wp-json\/wp\/v2\/posts\/322852","targetHints":{"allow":["GET"]}}],"collection":[{"href":"https:\/\/www.europesays.com\/fr\/wp-json\/wp\/v2\/posts"}],"about":[{"href":"https:\/\/www.europesays.com\/fr\/wp-json\/wp\/v2\/types\/post"}],"author":[{"embeddable":true,"href":"https:\/\/www.europesays.com\/fr\/wp-json\/wp\/v2\/users\/2"}],"replies":[{"embeddable":true,"href":"https:\/\/www.europesays.com\/fr\/wp-json\/wp\/v2\/comments?post=322852"}],"version-history":[{"count":0,"href":"https:\/\/www.europesays.com\/fr\/wp-json\/wp\/v2\/posts\/322852\/revisions"}],"wp:featuredmedia":[{"embeddable":true,"href":"https:\/\/www.europesays.com\/fr\/wp-json\/wp\/v2\/media\/322853"}],"wp:attachment":[{"href":"https:\/\/www.europesays.com\/fr\/wp-json\/wp\/v2\/media?parent=322852"}],"wp:term":[{"taxonomy":"category","embeddable":true,"href":"https:\/\/www.europesays.com\/fr\/wp-json\/wp\/v2\/categories?post=322852"},{"taxonomy":"post_tag","embeddable":true,"href":"https:\/\/www.europesays.com\/fr\/wp-json\/wp\/v2\/tags?post=322852"}],"curies":[{"name":"wp","href":"https:\/\/api.w.org\/{rel}","templated":true}]}}