{"id":322854,"date":"2025-08-16T12:14:14","date_gmt":"2025-08-16T12:14:14","guid":{"rendered":"https:\/\/www.europesays.com\/fr\/322854\/"},"modified":"2025-08-16T12:14:14","modified_gmt":"2025-08-16T12:14:14","slug":"un-enfant-de-sept-ans-meurt-noye-lors-dune-colonie-de-vacances-organisee-par-la-ville-de-bobigny-dans-lallier","status":"publish","type":"post","link":"https:\/\/www.europesays.com\/fr\/322854\/","title":{"rendered":"Un enfant de sept ans meurt noy\u00e9 lors d&rsquo;une colonie de vacances organis\u00e9e par la ville de Bobigny dans l&rsquo;Allier"},"content":{"rendered":"<p>La ville de Bobigny annonce ce samedi, dans un communiqu\u00e9, qu&rsquo;un enfant de sept ans est mort noy\u00e9, vendredi 15 ao\u00fbt. Le drame s&rsquo;est produit dans l&rsquo;Allier, o\u00f9 la ville poss\u00e8de un ch\u00e2teau, utilis\u00e9 pour les centres de vacances. Une enqu\u00eate pour homicide involontaire a \u00e9t\u00e9 ouverte.<\/p>\n<p>Un drame a endeuill\u00e9 la colonie de vacances de la ville de Bobigny (Seine-Saint-Denis), organis\u00e9e dans l&rsquo;Allier. Un enfant de sept ans est mort noy\u00e9, vendredi 15 ao\u00fbt, annonce la ville dans un communiqu\u00e9 publi\u00e9 ce samedi. Selon les premiers \u00e9l\u00e9ments avanc\u00e9s par la ville, l&rsquo;enfant a \u00e9t\u00e9 trouv\u00e9 inanim\u00e9 en fin d&rsquo;apr\u00e8s-midi, et n&rsquo;a pas pu \u00eatre secouru par les pompiers.\u00a0Une enqu\u00eate est ouverte pour homicide involontaire, confirme le parquet de Moulins.<\/p>\n<p>La colonie de vacances, d\u00e9but\u00e9e le 4 ao\u00fbt, touchait \u00e0 la fin au moment du drame. 35 enfants \u00e9taient r\u00e9unis dans le ch\u00e2teau de\u00a0Souys, propri\u00e9t\u00e9 de la ville de Bobigny, situ\u00e9 dans la commune de Saint-Menoux (Allier). Au moment du drame, les enfants \u00e9taient en sortie\u00a0dans la plaine des jeux des Champins, \u00e0 Moulins.<\/p>\n<p>Les animateurs ont perdu l&rsquo;enfant de vue, selon la mairie<\/p>\n<p><strong>Le gar\u00e7on pr\u00e9sentait des troubles autistiques<\/strong>, a appris ICI Paris \u00cele-de-France aupr\u00e8s de la municipalit\u00e9. Il \u00e9tait en compagnie de son fr\u00e8re jumeau, qui lui n&rsquo;\u00e9tait pas porteur d&rsquo;un handicap.\u00a0L&rsquo;enqu\u00eate devra \u00e9claircir les circonstances de cette noyade mortelle, mais la mairie de Bobigny relate \u00e0 ICI Paris \u00cele-de-France que les animateurs ont perdu de vue l&rsquo;enfant. Toujours selon les \u00e9l\u00e9ments fournis par le cabinet du maire de Bobigny, l&rsquo;enfant s&rsquo;est ensuite dirig\u00e9 vers un plan d&rsquo;eau qui n&rsquo;est pas une aire de baignade.<\/p>\n<p>\u00c0 lire aussi   <img decoding=\"async\" src=\"https:\/\/www.europesays.com\/fr\/wp-content\/uploads\/2025\/08\/560x315_sc_1037872-mly7pxdluv-whr.jpg\" alt=\"Le d\u00e9c\u00e8s a eu lieu au parc interd\u00e9partemental des sports du Val-de-Marne (illustration).\" style=\"--_image-preview:url('data:image\/jpeg;base64,\/9j\/2wBDACgcHiMeGSgjISMtKygwPGRBPDc3PHtYXUlkkYCZlo+AjIqgtObDoKrarYqMyP\/L2u71\/\/\/\/m8H\/\/\/\/6\/+b9\/\/j\/2wBDASstLTw1PHZBQXb4pYyl+Pj4+Pj4+Pj4+Pj4+Pj4+Pj4+Pj4+Pj4+Pj4+Pj4+Pj4+Pj4+Pj4+Pj4+Pj4+Pj4+Pj\/wAARCAAXACoDASIAAhEBAxEB\/8QAGAABAQEBAQAAAAAAAAAAAAAAAAMCAQT\/xAAXEAEBAQEAAAAAAAAAAAAAAAAAAgER\/8QAFwEAAwEAAAAAAAAAAAAAAAAAAgMEAf\/EABYRAQEBAAAAAAAAAAAAAAAAAAACAf\/aAAwDAQACEQMRAD8AvSVLUlSKTsQrGNxSmNUSNnhx0ML176SoEctxGmNBRI3ABgp\/\/9k=');\" loading=\"lazy\" fetchpriority=\"low\" aria-hidden=\"true\" class=\"svelte-1pnmlwx rounded\" onload=\"this.__e=event\" onerror=\"this.__e=event\"\/><\/p>\n<p>Il a fallu une heure aux pompiers de l&rsquo;Allier, assist\u00e9s par des plongeurs et au moins un drone, pour localiser le corps de l&rsquo;enfant, a appris ICI Pays d&rsquo;Auvergne.<\/p>\n<p>Dans son communiqu\u00e9, le maire de Bobigny, Abdel Sadi, a d\u00e9taill\u00e9 l&rsquo;encadrement mis en place dans ce centre de vacances\u00a0: huit animateurs pour 35 enfants, un dispositif \u00ab\u00a0renforc\u00e9\u00a0\u00bb, dit la ville, en \u00ab\u00a0raison de la pr\u00e9sence de deux enfants porteurs de handicap\u00a0\u00bb. L&rsquo;\u00e9lu exprime sa \u00ab\u00a0profonde \u00e9motion\u00a0\u00bb. Un soutien psychologique a \u00e9t\u00e9 mis en place pour les enfants comme pour l&rsquo;\u00e9quipe d&rsquo;animation.<\/p>\n<p>&gt;&gt;&gt; Plus d&rsquo;informations \u00e0 venir<\/p>\n","protected":false},"excerpt":{"rendered":"La ville de Bobigny annonce ce samedi, dans un communiqu\u00e9, qu&rsquo;un enfant de sept ans est mort noy\u00e9,&hellip;\n","protected":false},"author":2,"featured_media":322855,"comment_status":"","ping_status":"","sticky":false,"template":"","format":"standard","meta":{"footnotes":""},"categories":[1592],"tags":[1111,11,1777,674,1011,27,662,12,626,25],"class_list":{"0":"post-322854","1":"post","2":"type-post","3":"status-publish","4":"format-standard","5":"has-post-thumbnail","7":"category-ile-de-france","8":"tag-actu","9":"tag-actualites","10":"tag-eu","11":"tag-europe","12":"tag-fr","13":"tag-france","14":"tag-ile-de-france","15":"tag-news","16":"tag-paris","17":"tag-republique-francaise"},"share_on_mastodon":{"url":"https:\/\/pubeurope.com\/@fr\/115038392466258210","error":""},"_links":{"self":[{"href":"https:\/\/www.europesays.com\/fr\/wp-json\/wp\/v2\/posts\/322854","targetHints":{"allow":["GET"]}}],"collection":[{"href":"https:\/\/www.europesays.com\/fr\/wp-json\/wp\/v2\/posts"}],"about":[{"href":"https:\/\/www.europesays.com\/fr\/wp-json\/wp\/v2\/types\/post"}],"author":[{"embeddable":true,"href":"https:\/\/www.europesays.com\/fr\/wp-json\/wp\/v2\/users\/2"}],"replies":[{"embeddable":true,"href":"https:\/\/www.europesays.com\/fr\/wp-json\/wp\/v2\/comments?post=322854"}],"version-history":[{"count":0,"href":"https:\/\/www.europesays.com\/fr\/wp-json\/wp\/v2\/posts\/322854\/revisions"}],"wp:featuredmedia":[{"embeddable":true,"href":"https:\/\/www.europesays.com\/fr\/wp-json\/wp\/v2\/media\/322855"}],"wp:attachment":[{"href":"https:\/\/www.europesays.com\/fr\/wp-json\/wp\/v2\/media?parent=322854"}],"wp:term":[{"taxonomy":"category","embeddable":true,"href":"https:\/\/www.europesays.com\/fr\/wp-json\/wp\/v2\/categories?post=322854"},{"taxonomy":"post_tag","embeddable":true,"href":"https:\/\/www.europesays.com\/fr\/wp-json\/wp\/v2\/tags?post=322854"}],"curies":[{"name":"wp","href":"https:\/\/api.w.org\/{rel}","templated":true}]}}