{"id":322856,"date":"2025-08-16T12:15:12","date_gmt":"2025-08-16T12:15:12","guid":{"rendered":"https:\/\/www.europesays.com\/fr\/322856\/"},"modified":"2025-08-16T12:15:12","modified_gmt":"2025-08-16T12:15:12","slug":"deux-personnes-mises-en-examen-apres-une-rixe-mortelle-a-saint-andre-de-cubzac","status":"publish","type":"post","link":"https:\/\/www.europesays.com\/fr\/322856\/","title":{"rendered":"deux personnes mises en examen apr\u00e8s une rixe mortelle \u00e0 Saint-Andr\u00e9-de-Cubzac"},"content":{"rendered":"<p class=\"c-chapo \">\n  La victime avait \u00e9t\u00e9 victime de coups \u00e0 l&rsquo;arme blanche durant une soir\u00e9e d&rsquo;anniversaire d\u00e9but ao\u00fbt.\n<\/p>\n<p>            lire plus tard<\/p>\n<p id=\"dialog__title\" class=\"dialog__title\">Pour sauvegarder cet article, connectez-vous ou cr\u00e9ez un compte franceinfo<\/p>\n<p class=\"dialog__description\">Sans paiement. Sans abonnement.<\/p>\n<p>        Fermer la fen\u00eatre d\u2019activation des notifications France Info<\/p>\n<p>            cr\u00e9er votre compte<\/p>\n<p>            se connecter<\/p>\n<p>        Fermer la fen\u00eatre de pr\u00e9sentation<\/p>\n<p>    Publi\u00e9 le 16\/08\/2025 12:22<\/p>\n<p>        Temps de lecture : 1min<\/p>\n<p>    <img decoding=\"async\"  alt=\"Un v\u00e9hicule de gendarmerie. Image d'illustration. (ARTHUR NICHOLAS ORCHARD \/ HANS LUCAS \/ via AFP)\" width=\"432\" height=\"243\" src=\"https:\/\/www.europesays.com\/fr\/wp-content\/uploads\/2025\/08\/080-hl-norchard-1783793-65fd6c0cb5604176932334.jpg\" fetchpriority=\"high\"\/><\/p>\n<p>      Un v\u00e9hicule de gendarmerie. Image d&rsquo;illustration. (ARTHUR NICHOLAS ORCHARD \/ HANS LUCAS \/ via AFP)<\/p>\n<p>Deux personnes de 24 et 30 ans ont \u00e9t\u00e9 mises en examen et plac\u00e9es en d\u00e9tention provisoire apr\u00e8s le meurtre d&rsquo;un homme de 28 ans d\u00e9but ao\u00fbt \u00e0 \u00e0 Saint-Andr\u00e9-de-Cubzac, a appris samedi 16 ao\u00fbt, <a href=\"https:\/\/www.francebleu.fr\/infos\/faits-divers-justice\/rixe-mortelle-a-saint-andre-de-cubzac-la-victime-avait-demande-aux-fetards-de-faire-moins-de-bruit-3793334\" rel=\"nofollow noopener\" target=\"_blank\">ICI Gironde (ex-France Bleu) aupr\u00e8s du parquet de Bordeaux,<\/a> confirmant une information du journal Sud Ouest.<\/p>\n<p>Dans la nuit du 1er au 2 ao\u00fbt, un jeune de 28 ans a \u00e9t\u00e9 tu\u00e9 \u00e0 l&rsquo;arme blanche \u00e0 Saint-Andr\u00e9-de-Cubzac. D&rsquo;apr\u00e8s les premiers \u00e9l\u00e9ments de l&rsquo;enqu\u00eate, il participait \u00e0 une f\u00eate d\u2019anniversaire organis\u00e9e par un voisin. Vers 4h du matin, il a demand\u00e9 aux convives de faire moins de bruit, car des enfants dormaient \u00e0 proximit\u00e9. Une rixe a alors \u00e9clat\u00e9.<\/p>\n<p>La victime a \u00e9t\u00e9 retrouv\u00e9e gravement bless\u00e9e par arme blanche dans la rue un peu plus tard. Le jeune homme est mort rapidement sur les lieux en d\u00e9pit des efforts effectu\u00e9s pour la r\u00e9animer. Le parquet de Libourne, joint par ICI Gironde, s&rsquo;est saisi de l&rsquo;affaire et a confi\u00e9 l&rsquo;enqu\u00eate \u00e0 la brigade de recherches de Blaye, avec l\u2019appui de la section de recherches de Bordeaux. Une marche blanche pour lui rendre hommage sera organis\u00e9e ce dimanche \u00e0 15h30. Le cort\u00e8ge s&rsquo;\u00e9lancera du parking Intermarch\u00e9 de Saint-Andr\u00e9-de-Cubzac.<\/p>\n<p class=\"related-tags__title\" role=\"heading\" aria-level=\"2\">les mots-cl\u00e9s associ\u00e9s \u00e0 cet article\n    <\/p>\n","protected":false},"excerpt":{"rendered":"La victime avait \u00e9t\u00e9 victime de coups \u00e0 l&rsquo;arme blanche durant une soir\u00e9e d&rsquo;anniversaire d\u00e9but ao\u00fbt. lire plus&hellip;\n","protected":false},"author":2,"featured_media":322857,"comment_status":"","ping_status":"","sticky":false,"template":"","format":"standard","meta":{"footnotes":""},"categories":[1888],"tags":[1111,1928,11,1927,1777,674,1011,27,12,1926,626,1925,25],"class_list":{"0":"post-322856","1":"post","2":"type-post","3":"status-publish","4":"format-standard","5":"has-post-thumbnail","7":"category-paris","8":"tag-actu","9":"tag-actu-paris","10":"tag-actualites","11":"tag-actualites-paris","12":"tag-eu","13":"tag-europe","14":"tag-fr","15":"tag-france","16":"tag-news","17":"tag-news-paris","18":"tag-paris","19":"tag-paris-news","20":"tag-republique-francaise"},"share_on_mastodon":{"url":"https:\/\/pubeurope.com\/@fr\/115038396362466527","error":""},"_links":{"self":[{"href":"https:\/\/www.europesays.com\/fr\/wp-json\/wp\/v2\/posts\/322856","targetHints":{"allow":["GET"]}}],"collection":[{"href":"https:\/\/www.europesays.com\/fr\/wp-json\/wp\/v2\/posts"}],"about":[{"href":"https:\/\/www.europesays.com\/fr\/wp-json\/wp\/v2\/types\/post"}],"author":[{"embeddable":true,"href":"https:\/\/www.europesays.com\/fr\/wp-json\/wp\/v2\/users\/2"}],"replies":[{"embeddable":true,"href":"https:\/\/www.europesays.com\/fr\/wp-json\/wp\/v2\/comments?post=322856"}],"version-history":[{"count":0,"href":"https:\/\/www.europesays.com\/fr\/wp-json\/wp\/v2\/posts\/322856\/revisions"}],"wp:featuredmedia":[{"embeddable":true,"href":"https:\/\/www.europesays.com\/fr\/wp-json\/wp\/v2\/media\/322857"}],"wp:attachment":[{"href":"https:\/\/www.europesays.com\/fr\/wp-json\/wp\/v2\/media?parent=322856"}],"wp:term":[{"taxonomy":"category","embeddable":true,"href":"https:\/\/www.europesays.com\/fr\/wp-json\/wp\/v2\/categories?post=322856"},{"taxonomy":"post_tag","embeddable":true,"href":"https:\/\/www.europesays.com\/fr\/wp-json\/wp\/v2\/tags?post=322856"}],"curies":[{"name":"wp","href":"https:\/\/api.w.org\/{rel}","templated":true}]}}