{"id":322858,"date":"2025-08-16T12:16:30","date_gmt":"2025-08-16T12:16:30","guid":{"rendered":"https:\/\/www.europesays.com\/fr\/322858\/"},"modified":"2025-08-16T12:16:30","modified_gmt":"2025-08-16T12:16:30","slug":"israel-detruit-une-ecole-financee-par-la-france-en-cisjordanie-paris-condamne-fermement","status":"publish","type":"post","link":"https:\/\/www.europesays.com\/fr\/322858\/","title":{"rendered":"Isra\u00ebl d\u00e9truit une \u00e9cole financ\u00e9e par la France en Cisjordanie, Paris \u00ab\u00a0condamne fermement\u00a0\u00bb"},"content":{"rendered":"<p>L\u2019\u00e9cole devait accueillir \u00ab une centaine d\u2019enfants palestiniens \u00bb<\/p>\n<p>Cette \u00e9cole, construite dans le cadre du programme de d\u00e9veloppement rural de l\u2019Agence fran\u00e7aise pour le d\u00e9veloppement (<a href=\"https:\/\/www.afd.fr\/fr\/accueil\" target=\"_blank\" rel=\"noopener\">AFD<\/a>), en lien avec l\u2019Union europ\u00e9enne \u00ab devait accueillir prochainement une centaine d\u2019enfants palestiniens \u00bb, pr\u00e9cise France Diplomatie, ajoutant qu\u2019\u00ab il s\u2019agit de la deuxi\u00e8me d\u00e9molition d\u2019un projet financ\u00e9 par l\u2019AFD en <a href=\"https:\/\/www.letelegramme.fr\/monde\/israel-palestine\/israel-est-en-cisjordanie-pour-y-rester-selon-ce-ministre-du-gouvernement-netanyahu-6790314.php\" target=\"_blank\" rel=\"noopener\">Cisjordanie<\/a> \u00bb, le centre de l\u2019Association Al-Bustan, \u00e0 J\u00e9rusalem Est, soutenu entre autres par \u00ab 21 collectivit\u00e9s locales fran\u00e7aises \u00bb, ayant d\u00e9j\u00e0 \u00e9t\u00e9 d\u00e9truit par l\u2019\u00c9tat h\u00e9breu.<\/p>\n<p>\u00ab Nous demandons des comptes aux autorit\u00e9s isra\u00e9liennes sur cette d\u00e9molition \u00bb, conclut le communiqu\u00e9 du minist\u00e8re.<\/p>\n","protected":false},"excerpt":{"rendered":"L\u2019\u00e9cole devait accueillir \u00ab une centaine d\u2019enfants palestiniens \u00bb Cette \u00e9cole, construite dans le cadre du programme de&hellip;\n","protected":false},"author":2,"featured_media":322859,"comment_status":"","ping_status":"","sticky":false,"template":"","format":"standard","meta":{"footnotes":""},"categories":[1888],"tags":[1111,1928,11,1927,2486,312,765,1777,674,1011,27,664,12736,74,12,1926,3518,626,1925,25],"class_list":{"0":"post-322858","1":"post","2":"type-post","3":"status-publish","4":"format-standard","5":"has-post-thumbnail","7":"category-paris","8":"tag-actu","9":"tag-actu-paris","10":"tag-actualites","11":"tag-actualites-paris","12":"tag-cisjordanie","13":"tag-diplomatie","14":"tag-en-continu","15":"tag-eu","16":"tag-europe","17":"tag-fr","18":"tag-france","19":"tag-israel","20":"tag-israel-palestine","21":"tag-monde","22":"tag-news","23":"tag-news-paris","24":"tag-palestine","25":"tag-paris","26":"tag-paris-news","27":"tag-republique-francaise"},"share_on_mastodon":{"url":"https:\/\/pubeurope.com\/@fr\/115038400267259782","error":""},"_links":{"self":[{"href":"https:\/\/www.europesays.com\/fr\/wp-json\/wp\/v2\/posts\/322858","targetHints":{"allow":["GET"]}}],"collection":[{"href":"https:\/\/www.europesays.com\/fr\/wp-json\/wp\/v2\/posts"}],"about":[{"href":"https:\/\/www.europesays.com\/fr\/wp-json\/wp\/v2\/types\/post"}],"author":[{"embeddable":true,"href":"https:\/\/www.europesays.com\/fr\/wp-json\/wp\/v2\/users\/2"}],"replies":[{"embeddable":true,"href":"https:\/\/www.europesays.com\/fr\/wp-json\/wp\/v2\/comments?post=322858"}],"version-history":[{"count":0,"href":"https:\/\/www.europesays.com\/fr\/wp-json\/wp\/v2\/posts\/322858\/revisions"}],"wp:featuredmedia":[{"embeddable":true,"href":"https:\/\/www.europesays.com\/fr\/wp-json\/wp\/v2\/media\/322859"}],"wp:attachment":[{"href":"https:\/\/www.europesays.com\/fr\/wp-json\/wp\/v2\/media?parent=322858"}],"wp:term":[{"taxonomy":"category","embeddable":true,"href":"https:\/\/www.europesays.com\/fr\/wp-json\/wp\/v2\/categories?post=322858"},{"taxonomy":"post_tag","embeddable":true,"href":"https:\/\/www.europesays.com\/fr\/wp-json\/wp\/v2\/tags?post=322858"}],"curies":[{"name":"wp","href":"https:\/\/api.w.org\/{rel}","templated":true}]}}