{"id":322868,"date":"2025-08-16T12:21:10","date_gmt":"2025-08-16T12:21:10","guid":{"rendered":"https:\/\/www.europesays.com\/fr\/322868\/"},"modified":"2025-08-16T12:21:10","modified_gmt":"2025-08-16T12:21:10","slug":"les-dirigeants-europeens-prets-a-soutenir-une-reunion-entre-les-etats-unis-lukraine-et-la-russie","status":"publish","type":"post","link":"https:\/\/www.europesays.com\/fr\/322868\/","title":{"rendered":"Les dirigeants europ\u00e9ens pr\u00eats \u00e0 soutenir une r\u00e9union entre les \u00c9tats-Unis, l&rsquo;Ukraine et la Russie"},"content":{"rendered":"<p>\n         Publi\u00e9 le<br \/>\n            16\/08\/2025 &#8211; 14:04 UTC+2\n            <\/p>\n<p>          <img decoding=\"async\" class=\"c-ad__placeholder__logo\" src=\"https:\/\/static.euronews.com\/website\/images\/logos\/logo-euronews-stacked-outlined-72x72-grey-9.svg\" width=\"72\" height=\"72\" alt=\"\" loading=\"lazy\"\/><br \/>\n          PUBLICIT\u00c9<\/p>\n<p>Les dirigeants europ\u00e9ens se sont dits \u00ab\u00a0pr\u00eats \u00e0 travailler avec le pr\u00e9sident am\u00e9ricain Donald Trump et le pr\u00e9sident ukrainien Volodymyr Zelensky en vue d&rsquo;un sommet trilat\u00e9ral avec le soutien de l&rsquo;Europe\u00a0\u00bb, dans un communiqu\u00e9 publi\u00e9 samedi par la Commission europ\u00e9enne.<\/p>\n<p>\u00ab\u00a0Il appartiendra \u00e0 l&rsquo;Ukraine de prendre des d\u00e9cisions sur son territoire. Les fronti\u00e8res internationales ne doivent pas \u00eatre modifi\u00e9es par la force\u00a0\u00bb, peut-on lire dans cette d\u00e9claration, publi\u00e9e quelques heures apr\u00e8s la fin d&rsquo;une r\u00e9union entre Donald Trump et le pr\u00e9sident russe Vladimir Poutine.<\/p>\n<p>La d\u00e9claration a \u00e9t\u00e9 sign\u00e9e par la pr\u00e9sidente de la Commission europ\u00e9enne Ursula von der Leyen, le pr\u00e9sident fran\u00e7ais Emmanuel Macron, la Premi\u00e8re ministre italienne Giorgia Meloni, le chancelier allemand Friedrich Merz, le Premier ministre britannique Keir Starmer, le pr\u00e9sident finlandais Alexander Stubb, le Premier ministre polonais Donald Tusk et le pr\u00e9sident du Conseil europ\u00e9en Ant\u00f3nio Costa.<\/p>\n<p>Ils ont d\u00e9clar\u00e9 qu&rsquo;ils \u00ab\u00a0saluaient les efforts du pr\u00e9sident Trump pour mettre fin \u00e0 la tuerie en Ukraine, mettre fin \u00e0 la guerre d&rsquo;agression de la Russie et parvenir \u00e0 une paix juste et durable\u00a0\u00bb, \u00e0 la suite de la rencontre entre le pr\u00e9sident am\u00e9ricain et son homologue russe, Vladimir Poutine, en Alaska.<\/p>\n<p>Les dirigeants ont insist\u00e9 sur des \u00ab\u00a0garanties de s\u00e9curit\u00e9 in\u00e9branlables\u00a0\u00bb pour l&rsquo;Ukraine, sans \u00ab\u00a0aucune limitation\u00a0\u00bb des forces arm\u00e9es ukrainiennes. \u00ab\u00a0La Russie ne peut pas opposer son veto \u00e0 l&rsquo;adh\u00e9sion de l&rsquo;Ukraine \u00e0 l&rsquo;UE et \u00e0 l&rsquo;OTAN.\u00a0\u00bb<\/p>\n<p>La d\u00e9claration r\u00e9it\u00e8re \u00e9galement l&rsquo;engagement de continuer \u00e0 imposer des sanctions \u00e0 la Russie \u00ab\u00a0tant que les massacres en Ukraine se poursuivront\u00a0\u00bb.<\/p>\n<p>Volodymyr Zelensky appelle \u00e0 une \u00ab\u00a0paix r\u00e9elle\u00a0\u00bb<\/p>\n<p>Volodymyr Zelensky s&rsquo;est fait l&rsquo;\u00e9cho de la d\u00e9claration europ\u00e9enne dans un post sur X, appelant \u00e0 une \u00ab\u00a0paix r\u00e9elle\u00a0\u00bb et \u00ab\u00a0pas seulement \u00e0 une nouvelle pause entre les invasions russes\u00a0\u00bb.<\/p>\n<p>Il a ajout\u00e9 qu&rsquo;il avait dit \u00e0 Donald Trump que \u00ab\u00a0les sanctions devraient \u00eatre renforc\u00e9es s&rsquo;il n&rsquo;y a pas de r\u00e9union trilat\u00e9rale ou si la Russie tente de se soustraire \u00e0 une fin honn\u00eate de la guerre.\u00a0\u00bb<\/p>\n<p>Il a \u00e9galement r\u00e9it\u00e9r\u00e9 l&rsquo;importance d&rsquo;impliquer les dirigeants europ\u00e9ens, qui n&rsquo;\u00e9taient pas non plus pr\u00e9sents au sommet.<\/p>\n<p>D&rsquo;autres dirigeants europ\u00e9ens ont \u00e9galement r\u00e9agi au sommet de vendredi en Alaska.<\/p>\n<p>Le ministre norv\u00e9gien des Affaires \u00e9trang\u00e8res, Espend Barth Eide, a d\u00e9clar\u00e9 aux journalistes \u00e0 Oslo que les points de discussion de Vladimir Poutine \u00e9taient \u00ab\u00a0un code pour la justification russe de l&rsquo;invasion ill\u00e9gale de l&rsquo;Ukraine\u00a0\u00bb.<\/p>\n<p>Le Premier ministre tch\u00e8que, Petr Fiala, a d\u00e9clar\u00e9 dans un communiqu\u00e9 que \u00ab\u00a0Poutine n&rsquo;est toujours int\u00e9ress\u00e9 que par les gains territoriaux les plus importants possibles et par la restauration de l&#8217;empire sovi\u00e9tique\u00a0\u00bb.<\/p>\n<p>Kaja Kallas, responsable de la politique \u00e9trang\u00e8re de l&rsquo;UE, a d\u00e9clar\u00e9 que \u00ab\u00a0la dure r\u00e9alit\u00e9 est que la Russie n&rsquo;a pas l&rsquo;intention de mettre fin \u00e0 cette guerre de sit\u00f4t\u00a0\u00bb, notant que les forces de Moscou ont lanc\u00e9 de nouvelles attaques contre l&rsquo;Ukraine alors m\u00eame que les d\u00e9l\u00e9gations se r\u00e9unissaient.<\/p>\n<p>\u00ab\u00a0Poutine continue de faire tra\u00eener les n\u00e9gociations et esp\u00e8re s&rsquo;en tirer \u00e0 bon compte. Il a quitt\u00e9 Anchorage sans s&rsquo;\u00eatre engag\u00e9 \u00e0 mettre fin \u00e0 la tuerie\u00a0\u00bb, a-t-elle d\u00e9clar\u00e9.<\/p>\n","protected":false},"excerpt":{"rendered":"Publi\u00e9 le 16\/08\/2025 &#8211; 14:04 UTC+2 PUBLICIT\u00c9 Les dirigeants europ\u00e9ens se sont dits \u00ab\u00a0pr\u00eats \u00e0 travailler avec le&hellip;\n","protected":false},"author":2,"featured_media":322869,"comment_status":"","ping_status":"","sticky":false,"template":"","format":"standard","meta":{"footnotes":""},"categories":[1589],"tags":[11,75,73,1866,2025,12,364,1864,1865,1863,308,135,134],"class_list":{"0":"post-322868","1":"post","2":"type-post","3":"status-publish","4":"format-standard","5":"has-post-thumbnail","7":"category-etats-unis","8":"tag-actualites","9":"tag-donald-trump","10":"tag-etats-unis","11":"tag-etats-unis-damerique","12":"tag-invasion-de-la-russie-en-ukraine","13":"tag-news","14":"tag-union-europeenne","15":"tag-united-states","16":"tag-united-states-of-america","17":"tag-us","18":"tag-usa","19":"tag-vladimir-poutine","20":"tag-volodymyr-zelensky"},"share_on_mastodon":{"url":"https:\/\/pubeurope.com\/@fr\/115038420234386754","error":""},"_links":{"self":[{"href":"https:\/\/www.europesays.com\/fr\/wp-json\/wp\/v2\/posts\/322868","targetHints":{"allow":["GET"]}}],"collection":[{"href":"https:\/\/www.europesays.com\/fr\/wp-json\/wp\/v2\/posts"}],"about":[{"href":"https:\/\/www.europesays.com\/fr\/wp-json\/wp\/v2\/types\/post"}],"author":[{"embeddable":true,"href":"https:\/\/www.europesays.com\/fr\/wp-json\/wp\/v2\/users\/2"}],"replies":[{"embeddable":true,"href":"https:\/\/www.europesays.com\/fr\/wp-json\/wp\/v2\/comments?post=322868"}],"version-history":[{"count":0,"href":"https:\/\/www.europesays.com\/fr\/wp-json\/wp\/v2\/posts\/322868\/revisions"}],"wp:featuredmedia":[{"embeddable":true,"href":"https:\/\/www.europesays.com\/fr\/wp-json\/wp\/v2\/media\/322869"}],"wp:attachment":[{"href":"https:\/\/www.europesays.com\/fr\/wp-json\/wp\/v2\/media?parent=322868"}],"wp:term":[{"taxonomy":"category","embeddable":true,"href":"https:\/\/www.europesays.com\/fr\/wp-json\/wp\/v2\/categories?post=322868"},{"taxonomy":"post_tag","embeddable":true,"href":"https:\/\/www.europesays.com\/fr\/wp-json\/wp\/v2\/tags?post=322868"}],"curies":[{"name":"wp","href":"https:\/\/api.w.org\/{rel}","templated":true}]}}