{"id":322872,"date":"2025-08-16T12:23:21","date_gmt":"2025-08-16T12:23:21","guid":{"rendered":"https:\/\/www.europesays.com\/fr\/322872\/"},"modified":"2025-08-16T12:23:21","modified_gmt":"2025-08-16T12:23:21","slug":"stuttgart-bayern-a-quelle-heure-et-sur-quelle-chaine-tv-suivre-la-supercoupe-dallemagne","status":"publish","type":"post","link":"https:\/\/www.europesays.com\/fr\/322872\/","title":{"rendered":"Stuttgart-Bayern : \u00e0 quelle heure et sur quelle cha\u00eene TV suivre la Supercoupe d\u2019Allemagne ?"},"content":{"rendered":"<p class=\"paragraph text_align_left lp-f-body-02\">Revoil\u00e0 le foot allemand. Si la France, l\u2019Espagne et l\u2019Angleterre r\u00e9demarrent d\u00e8s ce week-end en championnat, l\u2019Italie et l\u2019Allemagne ont encore une semaine pour peaufiner leur pr\u00e9paration. Sauf Stuttgart et le Bayern, qui sont oppos\u00e9s ce samedi en Supercoupe d\u2019Allemagne, qui oppose traditionnellement le vainqueur de la Coupe et celui du championnat.<\/p>\n<p class=\"paragraph text_align_left lp-f-body-02\">Facilement dominateur en Bundesliga, le Bayern s\u2019avance \u00e9videmment en favori de cette rencontre, m\u00eame si sa pr\u00e9paration a \u00e9t\u00e9 tronqu\u00e9e en raison de sa participation \u00e0 la Coupe du monde des clubs, <a href=\"https:\/\/www.leparisien.fr\/sports\/football\/coupe-du-monde-des-clubs\/direct-psg-bayern-munich-suivez-le-quart-de-finale-choc-de-la-coupe-du-monde-des-clubs-05-07-2025-44YY3SERSVDHXNRCDHJHCJL3GU.php\" target=\"_blank\" rel=\"noreferrer nofollow noopener\">avec une \u00e9limination en quarts de finale face au PSG.<\/a><\/p>\n<p class=\"paragraph text_align_left lp-f-body-02\">Les Bavarois n\u2019ont pas de folie cet \u00e9t\u00e9 sur le march\u00e9 des transferts mais se sont quand m\u00eame renforc\u00e9s avec l\u2019arriv\u00e9e de Luis Diaz, l\u2019attaquant colombien de Liverpool, qui devrait \u00eatre align\u00e9 ce samedi soir.<\/p>\n<p class=\"paragraph text_align_left lp-f-body-02\"><b>La Supercoupe d\u2019Allemagne entre Stuttgart et le Bayern d\u00e9butera \u00e0 20h30 ce samedi 16 ao\u00fbt. Elle sera diffus\u00e9e en France sur BeIN Sports 3. <\/b><\/p>\n","protected":false},"excerpt":{"rendered":"Revoil\u00e0 le foot allemand. Si la France, l\u2019Espagne et l\u2019Angleterre r\u00e9demarrent d\u00e8s ce week-end en championnat, l\u2019Italie et&hellip;\n","protected":false},"author":2,"featured_media":322873,"comment_status":"","ping_status":"","sticky":false,"template":"","format":"standard","meta":{"footnotes":""},"categories":[1587],"tags":[11,672,1804,1805,1803,1777,674,63,1801,12,1802,60],"class_list":{"0":"post-322872","1":"post","2":"type-post","3":"status-publish","4":"format-standard","5":"has-post-thumbnail","7":"category-allemagne","8":"tag-actualites","9":"tag-allemagne","10":"tag-bundesrepublik-deutschland","11":"tag-de","12":"tag-deutschland","13":"tag-eu","14":"tag-europe","15":"tag-football","16":"tag-germany","17":"tag-news","18":"tag-republique-federale-dallemagne","19":"tag-sports"},"share_on_mastodon":{"url":"https:\/\/pubeurope.com\/@fr\/115038427832140693","error":""},"_links":{"self":[{"href":"https:\/\/www.europesays.com\/fr\/wp-json\/wp\/v2\/posts\/322872","targetHints":{"allow":["GET"]}}],"collection":[{"href":"https:\/\/www.europesays.com\/fr\/wp-json\/wp\/v2\/posts"}],"about":[{"href":"https:\/\/www.europesays.com\/fr\/wp-json\/wp\/v2\/types\/post"}],"author":[{"embeddable":true,"href":"https:\/\/www.europesays.com\/fr\/wp-json\/wp\/v2\/users\/2"}],"replies":[{"embeddable":true,"href":"https:\/\/www.europesays.com\/fr\/wp-json\/wp\/v2\/comments?post=322872"}],"version-history":[{"count":0,"href":"https:\/\/www.europesays.com\/fr\/wp-json\/wp\/v2\/posts\/322872\/revisions"}],"wp:featuredmedia":[{"embeddable":true,"href":"https:\/\/www.europesays.com\/fr\/wp-json\/wp\/v2\/media\/322873"}],"wp:attachment":[{"href":"https:\/\/www.europesays.com\/fr\/wp-json\/wp\/v2\/media?parent=322872"}],"wp:term":[{"taxonomy":"category","embeddable":true,"href":"https:\/\/www.europesays.com\/fr\/wp-json\/wp\/v2\/categories?post=322872"},{"taxonomy":"post_tag","embeddable":true,"href":"https:\/\/www.europesays.com\/fr\/wp-json\/wp\/v2\/tags?post=322872"}],"curies":[{"name":"wp","href":"https:\/\/api.w.org\/{rel}","templated":true}]}}