{"id":322884,"date":"2025-08-16T12:29:11","date_gmt":"2025-08-16T12:29:11","guid":{"rendered":"https:\/\/www.europesays.com\/fr\/322884\/"},"modified":"2025-08-16T12:29:11","modified_gmt":"2025-08-16T12:29:11","slug":"le-minigolf-plebiscite-par-les-foreziens","status":"publish","type":"post","link":"https:\/\/www.europesays.com\/fr\/322884\/","title":{"rendered":"le minigolf pl\u00e9biscit\u00e9 par les For\u00e9ziens"},"content":{"rendered":"<p>Avec les fortes temp\u00e9ratures accompagnant ce mois d\u2019ao\u00fbt, se retrouver sur le site du minigolf de Feurs n\u2019est pas une mauvaise id\u00e9e. \u00ab\u00a0En effet, les personnes venant jouer appr\u00e9cient le fait qu\u2019une partie du parcours soit ombrag\u00e9\u00a0\u00bb, constate Fr\u00e9d\u00e9ric Gardon, notamment en charge du lieu.<\/p>\n<p>  Quatre jeunes veillent \u00e0 l\u2019entretien du parcours<\/p>\n<p>Le parcours, compos\u00e9 de dix-huit trous, a d\u2019abord vu ses premiers joueurs sur le site du <a href=\"https:\/\/www.leprogres.fr\/economie\/2024\/11\/24\/camping-du-palais-des-batiments-seront-demolis-en-2025\" target=\"_blank\" rel=\"noopener\">camping du Palais<\/a>. \u00ab\u00a0Il y avait du monde, la pr\u00e9sence des touristes. Mais nous \u00e9tions loin du centre de la ville et des For\u00e9ziens.\u00a0\u00bb<\/p>\n<p>Cette raison a motiv\u00e9 en grande partie le d\u00e9m\u00e9nagement rue des Minimes, \u00e0 proximit\u00e9 de l\u2019hippodrome, durant les ann\u00e9es 2000.<\/p>\n<p>\u00c0 l\u2019entr\u00e9e, ce matin-l\u00e0, c\u2019est Victor Gardon qui accueille les joueurs. \u00ab\u00a0Quatre jeunes se relaient sur le minigolf cet \u00e9t\u00e9. Victor donc, mais aussi Ramazan, Carla et Cl\u00e9ment. Leur mission principale est de veiller \u00e0 ce que le parcours soit toujours praticable, de souffler les \u00e9ventuelles feuilles ou d\u00e9bris\u00a0\u00bb, compl\u00e8te celui qui est \u00e9galement pr\u00e9sident du RCF (Rugby Club For\u00e9zien).<\/p>\n<p>  Pas d\u2019\u00e2ge minimal pour jouer<\/p>\n<p>Pour trois euros, petits et grands ont l\u2019occasion <a href=\"https:\/\/www.leprogres.fr\/sport\/2024\/08\/17\/j-ai-teste-pour-vous-le-minigolf-de-feurs-au-parc-municipal\" target=\"_blank\" rel=\"noopener\">de passer un moment convivial<\/a> , d\u2019autant plus que le minigolf n\u2019est ouvert que l\u2019\u00e9t\u00e9 (du 30\u00a0juin au 31\u00a0ao\u00fbt\u00a02025, N.D.L.R.). \u00ab\u00a0Nous avons toujours eu une belle fr\u00e9quentation, m\u00eame durant la pand\u00e9mie de covid. C\u2019est une activit\u00e9 qui fonctionne toujours bien.\u00a0\u00bb<\/p>\n<p>Il n\u2019y a pas d\u2019\u00e2ge minimal pour la participation des enfants, des clubs adapt\u00e9s \u00e9tant fournis.<\/p>\n<p>  2\u00a0000 personnes chaque \u00e9t\u00e9<\/p>\n<p>Le parcours, int\u00e9gralement modernis\u00e9 en 2018, en concertation avec le conseil municipal des jeunes, est jalonn\u00e9 de chaises et de tables \u00e0 destination des joueurs. \u00ab\u00a0Certains viennent m\u00eame faire leur anniversaire\u00a0\u00bb, sourit Fr\u00e9d\u00e9ric Gardon. Un peu moins de 2\u00a0000 personnes viennent chaque \u00e9t\u00e9, dans l\u2019espoir de faire le meilleur score possible.<\/p>\n<p>Le chiffre d\u2019affaires r\u00e9alis\u00e9 en 2024 est estim\u00e9 \u00e0 5\u00a0000\u00a0euros, parties et boissons incluses. Hors p\u00e9riode d\u2019ouverture, ce sont les services techniques de la ville qui prennent le relais. \u00ab\u00a0C\u2019est important de maintenir le minigolf dans un bon \u00e9tat toute l\u2019ann\u00e9e. Il fait partie du patrimoine local, et les For\u00e9ziens y sont tr\u00e8s attach\u00e9s\u00a0\u00bb, glisse le responsable.<\/p>\n<p class=\"note\">Le minigolf de Feurs est ouvert jusqu\u2019au 31\u00a0ao\u00fbt, de 10 \u00e0 12 heures et de 14 \u00e0 19 heures. Ouvert de 14 \u00e0 19 heures les dimanches et jours f\u00e9ri\u00e9s.<\/p>\n","protected":false},"excerpt":{"rendered":"Avec les fortes temp\u00e9ratures accompagnant ce mois d\u2019ao\u00fbt, se retrouver sur le site du minigolf de Feurs n\u2019est&hellip;\n","protected":false},"author":2,"featured_media":322885,"comment_status":"","ping_status":"","sticky":false,"template":"","format":"standard","meta":{"footnotes":""},"categories":[1418],"tags":[1687,7359,24711,24992,1011,27,1472,60],"class_list":{"0":"post-322884","1":"post","2":"type-post","3":"status-publish","4":"format-standard","5":"has-post-thumbnail","7":"category-golf","8":"tag-culture-loisirs","9":"tag-edition-loire-centre","10":"tag-feurs","11":"tag-feurs-ville","12":"tag-fr","13":"tag-france","14":"tag-golf","15":"tag-sports"},"share_on_mastodon":{"url":"https:\/\/pubeurope.com\/@fr\/115038451338484675","error":""},"_links":{"self":[{"href":"https:\/\/www.europesays.com\/fr\/wp-json\/wp\/v2\/posts\/322884","targetHints":{"allow":["GET"]}}],"collection":[{"href":"https:\/\/www.europesays.com\/fr\/wp-json\/wp\/v2\/posts"}],"about":[{"href":"https:\/\/www.europesays.com\/fr\/wp-json\/wp\/v2\/types\/post"}],"author":[{"embeddable":true,"href":"https:\/\/www.europesays.com\/fr\/wp-json\/wp\/v2\/users\/2"}],"replies":[{"embeddable":true,"href":"https:\/\/www.europesays.com\/fr\/wp-json\/wp\/v2\/comments?post=322884"}],"version-history":[{"count":0,"href":"https:\/\/www.europesays.com\/fr\/wp-json\/wp\/v2\/posts\/322884\/revisions"}],"wp:featuredmedia":[{"embeddable":true,"href":"https:\/\/www.europesays.com\/fr\/wp-json\/wp\/v2\/media\/322885"}],"wp:attachment":[{"href":"https:\/\/www.europesays.com\/fr\/wp-json\/wp\/v2\/media?parent=322884"}],"wp:term":[{"taxonomy":"category","embeddable":true,"href":"https:\/\/www.europesays.com\/fr\/wp-json\/wp\/v2\/categories?post=322884"},{"taxonomy":"post_tag","embeddable":true,"href":"https:\/\/www.europesays.com\/fr\/wp-json\/wp\/v2\/tags?post=322884"}],"curies":[{"name":"wp","href":"https:\/\/api.w.org\/{rel}","templated":true}]}}