{"id":322888,"date":"2025-08-16T12:32:11","date_gmt":"2025-08-16T12:32:11","guid":{"rendered":"https:\/\/www.europesays.com\/fr\/322888\/"},"modified":"2025-08-16T12:32:11","modified_gmt":"2025-08-16T12:32:11","slug":"us-open-sinner-lache-et-confronte-a-un-casse-tete-inattendu","status":"publish","type":"post","link":"https:\/\/www.europesays.com\/fr\/322888\/","title":{"rendered":"US Open > Sinner l\u00e2ch\u00e9 et confront\u00e9 \u00e0 un casse-t\u00eate inattendu"},"content":{"rendered":"<p>Alors que le double mixte nouvelle formule de l\u2019US Open commen\u00adcera dans trois jours, et se tiendra sur deux jours (19 et 20 ao\u00fbt), le num\u00e9ro 1 mondial Jannik Sinner se retrouve sans partenaire.\u00a0<\/p>\n<p>Emma Navarro, qui devait former un duo avec l\u2019Italien, a en effet pris la d\u00e9ci\u00adsion apr\u00e8s un d\u00e9but de tourn\u00e9e am\u00e9ri\u00adcaine tr\u00e8s compli\u00adqu\u00e9e (trois d\u00e9faites en quatre matchs) de fina\u00adle\u00adment s\u2019ali\u00adgner sur le WTA 500 de Monterrey la semaine prochaine.\u00a0<\/p>\n<p>Reste \u00e0 savoir si Jannik Sinner, demi\u2010finaliste \u00e0 Cincinnati, trou\u00advera une nouvelle co\u00e9qui\u00adpi\u00e8re dans les prochaines heures.\u00a0<\/p>\n<blockquote class=\"twitter-tweet\">\n<p lang=\"en\" dir=\"ltr\">US Open Mixed Doubles Championship update\u00a0: <a href=\"https:\/\/t.co\/Uo26UZ0oKp\" data-wpel-link=\"external\" target=\"_blank\" rel=\"nofollow external noopener\">pic.twitter.com\/Uo26UZ0oKp<\/a><\/p>\n<p>\u2014 US Open Tennis (@usopen) <a href=\"https:\/\/twitter.com\/usopen\/status\/1956494118768812364?ref_src=twsrc%5Etfw\" data-wpel-link=\"external\" target=\"_blank\" rel=\"nofollow external noopener\">August 15,\u00a02025<\/a><\/p><\/blockquote>\n<p class=\"post-published-date\" style=\"color: silver; font-size: 75%; text-align: left;\">Publi\u00e9 le samedi 16 ao\u00fbt 2025 \u00e0 12:37<\/p>\n<p><script async src=\"https:\/\/platform.twitter.com\/widgets.js\" charset=\"utf-8\"><\/script><\/p>\n","protected":false},"excerpt":{"rendered":"Alors que le double mixte nouvelle formule de l\u2019US Open commen\u00adcera dans trois jours, et se tiendra sur&hellip;\n","protected":false},"author":2,"featured_media":3227,"comment_status":"","ping_status":"","sticky":false,"template":"","format":"standard","meta":{"footnotes":""},"categories":[1415],"tags":[1011,27,2127,60,1467],"class_list":{"0":"post-322888","1":"post","2":"type-post","3":"status-publish","4":"format-standard","5":"has-post-thumbnail","7":"category-tennis","8":"tag-fr","9":"tag-france","10":"tag-sinner","11":"tag-sports","12":"tag-tennis"},"share_on_mastodon":{"url":"https:\/\/pubeurope.com\/@fr\/115038463164648086","error":""},"_links":{"self":[{"href":"https:\/\/www.europesays.com\/fr\/wp-json\/wp\/v2\/posts\/322888","targetHints":{"allow":["GET"]}}],"collection":[{"href":"https:\/\/www.europesays.com\/fr\/wp-json\/wp\/v2\/posts"}],"about":[{"href":"https:\/\/www.europesays.com\/fr\/wp-json\/wp\/v2\/types\/post"}],"author":[{"embeddable":true,"href":"https:\/\/www.europesays.com\/fr\/wp-json\/wp\/v2\/users\/2"}],"replies":[{"embeddable":true,"href":"https:\/\/www.europesays.com\/fr\/wp-json\/wp\/v2\/comments?post=322888"}],"version-history":[{"count":0,"href":"https:\/\/www.europesays.com\/fr\/wp-json\/wp\/v2\/posts\/322888\/revisions"}],"wp:featuredmedia":[{"embeddable":true,"href":"https:\/\/www.europesays.com\/fr\/wp-json\/wp\/v2\/media\/3227"}],"wp:attachment":[{"href":"https:\/\/www.europesays.com\/fr\/wp-json\/wp\/v2\/media?parent=322888"}],"wp:term":[{"taxonomy":"category","embeddable":true,"href":"https:\/\/www.europesays.com\/fr\/wp-json\/wp\/v2\/categories?post=322888"},{"taxonomy":"post_tag","embeddable":true,"href":"https:\/\/www.europesays.com\/fr\/wp-json\/wp\/v2\/tags?post=322888"}],"curies":[{"name":"wp","href":"https:\/\/api.w.org\/{rel}","templated":true}]}}