{"id":322891,"date":"2025-08-16T12:35:11","date_gmt":"2025-08-16T12:35:11","guid":{"rendered":"https:\/\/www.europesays.com\/fr\/322891\/"},"modified":"2025-08-16T12:35:11","modified_gmt":"2025-08-16T12:35:11","slug":"coup-dur-pour-les-bleus-vincent-poirier-forfait-pour-leuro","status":"publish","type":"post","link":"https:\/\/www.europesays.com\/fr\/322891\/","title":{"rendered":"coup dur pour les Bleus, Vincent Poirier forfait pour l\u2019Euro"},"content":{"rendered":"<p>Joueur le plus exp\u00e9riment\u00e9 de l\u2019effectif tricolore, le pivot de 31 ans est contraint de renoncer au championnat d\u2019Europe.<\/p>\n<p class=\"fig-paragraph\">Freddy Fauthoux va devoir revoir ses plans. La nouvelle n\u2019est pas encore officielle, mais\u00a0<a href=\"https:\/\/www.lequipe.fr\/Basket\/Actualites\/Vincent-poirier-forfait-pour-l-euro-avec-l-equipe-de-france\/1585479\" target=\"_blank\" rel=\"nofollow noopener\" data-gtm-custom-categorie=\"navigation\" data-gtm-custom-action=\"crossclick\" data-gtm-custom-label=\"Contextuel\" data-gtm-event=\"customEventSPE\">L\u2019Equipe<\/a> \u00a0nous apprend que Vincent Poirier est forfait pour l\u2019EuroBasket (27 ao\u00fbt-14 septembre). Le pivot de l\u2019Anadolu Efes Istanbul ne faisait pas partie de la liste pour\u00a0<a href=\"http:\/\/www.lefigaro.fr\/sports\/basket\/france-espagne-l-heure-des-ultimes-choix-pour-fauthoux-avant-l-eurobasket-20250816\" data-fig-type=\"NewsFlash\" data-gtm-custom-categorie=\"navigation\" data-gtm-custom-action=\"crossclick\" data-gtm-custom-label=\"Contextuel\" data-gtm-event=\"customEventSPE\" data-fig-domain=\"LEFIGARO\" target=\"_blank\" rel=\"noopener\">le deuxi\u00e8me duel face \u00e0 l\u2019Espagne, ce samedi (21h15)<\/a>, \u00e0 l\u2019Accor Arena. Il avait \u00e9t\u00e9 exempt\u00e9, tout comme Zaccharie Risacher (contusion musculaire coude droit).\u00a0<a href=\"http:\/\/www.lefigaro.fr\/sports\/basket\/basket-les-bleus-sans-risacher-et-poirier-contre-l-espagne-20250815\" data-fig-type=\"NewsFlash\" data-gtm-custom-categorie=\"navigation\" data-gtm-custom-action=\"crossclick\" data-gtm-custom-label=\"Contextuel\" data-gtm-event=\"customEventSPE\" data-fig-domain=\"LEFIGARO\" target=\"_blank\" rel=\"noopener\">La F\u00e9d\u00e9ration fran\u00e7aise de basket (FFBB) avait \u00e9voqu\u00e9 des \u00abexamens m\u00e9dicaux au genou droit\u00bb<\/a>\u00a0pour celui qui avait \u00e9t\u00e9 lanc\u00e9 au Paris-Levallois par un certain Freddy Fauthoux. \u00c2g\u00e9 de 31 ans, Poirier \u00e9tait le joueur le plus \u00e2g\u00e9 de l\u2019effectif tricolore. Il affiche aussi le total de s\u00e9lections le plus \u00e9lev\u00e9 parmi les 14 joueurs du groupe.<\/p>\n<p class=\"fig-paragraph\">La poisse pour Poirier, qui avait d\u00e9j\u00e0 \u00e9t\u00e9 contraint de\u00a0<a href=\"http:\/\/www.lefigaro.fr\/sports\/jeux-olympiques\/jo-paris-2024-blesse-vincent-poirier-ne-fera-pas-les-jeux-olympiques-avec-l-equipe-de-france-de-basket-20240629\" data-fig-type=\"NewsFlash\" data-gtm-custom-categorie=\"navigation\" data-gtm-custom-action=\"crossclick\" data-gtm-custom-label=\"Contextuel\" data-gtm-event=\"customEventSPE\" data-fig-domain=\"LEFIGARO\" target=\"_blank\" rel=\"noopener\">d\u00e9clarer forfait au cours de la pr\u00e9paration pour les Jeux olympiques<\/a>\u00a0l\u2019\u00e9t\u00e9 dernier. \u00ab\u00c7a fait deux ans que je n\u2019ai pas fait une comp\u00e9tition avec les Bleus. Je suis content de revenir avec Fred (Fauthoux) et tous les gars. C\u2019est un peu la nouvelle g\u00e9n\u00e9ration et de faire partie de ce groupe-l\u00e0 qui, je pense, va gagner beaucoup de choses, c\u2019est cool\u00bb, se r\u00e9jouissait-il au d\u00e9but du stage. Et d\u2019ajouter, au sujet de son statut de grand fr\u00e8re\u00a0: \u00abApr\u00e8s, je ne suis pas l\u00e0 pour \u00eatre le p\u00e8re de qui que ce soit, mais je m\u2019entends bien avec tout le monde et le but c\u2019est d\u2019amener cette \u00e9quipe et de les faire progresser, de leur donner le maximum de choses que moi j\u2019ai pu apprendre quand j\u2019\u00e9tais plus jeune et qu\u2019on m\u2019a donn\u00e9, voil\u00e0\u00bb.<\/p>\n<p>                                    <a class=\"fig-a11y-skip a11y-hidden\" href=\"#fig-a11y-skip-main-inarticle\"><br \/>\n        Passer la publicit\u00e9<br \/>\n    <\/a><\/p>\n<p>Un renfort \u00e0 venir\u00a0?<\/p>\n<p class=\"fig-paragraph\">Toute la question est d\u00e9sormais de savoir si Freddy Fauthoux appellera un autre pivot au renfort, ou s\u2019il d\u00e9cidera de partir \u00e0 l\u2019Euro avec les seuls Mam Jaiteh et Alex Sarr, en sachant que\u00a0<a href=\"http:\/\/www.lefigaro.fr\/sports\/basket\/espagne-france-yabusele-agressif-francisco-se-montre-poirier-n-y-est-toujours-pas-les-tops-et-flops-20250815\" data-fig-type=\"NewsFlash\" data-gtm-custom-categorie=\"navigation\" data-gtm-custom-action=\"crossclick\" data-gtm-custom-label=\"Contextuel\" data-gtm-event=\"customEventSPE\" data-fig-domain=\"LEFIGARO\" target=\"_blank\" rel=\"noopener\">Guerschon Yabusele a jou\u00e9 quelques minutes au poste 5<\/a>\u00a0lors de\u00a0<a href=\"http:\/\/www.lefigaro.fr\/sports\/basket\/basket-solides-les-bleus-domptent-l-espagne-et-montent-en-puissance-20250814\" data-fig-type=\"NewsFlash\" data-gtm-custom-categorie=\"navigation\" data-gtm-custom-action=\"crossclick\" data-gtm-custom-label=\"Contextuel\" data-gtm-event=\"customEventSPE\" data-fig-domain=\"LEFIGARO\" target=\"_blank\" rel=\"noopener\">la victoire en Espagne (67-75)<\/a>\u00a0jeudi dernier.<\/p>\n<p class=\"fig-paragraph\">Vincent Poirier, lui, regardera tout cela de loin, lui qui n\u2019a gu\u00e8re brill\u00e9 depuis le d\u00e9but de la pr\u00e9paration. Le pivot seine-et-marnais (il est n\u00e9 \u00e0 Clamart mais a grandi \u00e0 Marne-la-Vall\u00e9e) a particip\u00e9 \u00e0 la conqu\u00eate de trois m\u00e9dailles, le bronze \u00e0 la Coupe du monde 2019, l\u2019argent aux JO de Tokyo (2021) et lors du dernier championnat d\u2019Europe, il y a trois ans, en Allemagne. Il arrivait avec de grandes ambitions cet \u00e9t\u00e9. \u00abJe viens en \u00e9quipe de France, ce n\u2019est pas pour finir cinqui\u00e8me. L\u00e0, on continue sur les m\u00eames envies qu\u2019avant. On est un nouveau groupe. On reste l\u2019\u00e9quipe de France \u00e0 la fin\u00bb, affirmait-il. Charge \u00e0 ses petits camarades d\u2019assumer ce statut sans lui \u00e0 l\u2019EuroBasket 2025&#8230;<\/p>\n","protected":false},"excerpt":{"rendered":"Joueur le plus exp\u00e9riment\u00e9 de l\u2019effectif tricolore, le pivot de 31 ans est contraint de renoncer au championnat&hellip;\n","protected":false},"author":2,"featured_media":322892,"comment_status":"","ping_status":"","sticky":false,"template":"","format":"standard","meta":{"footnotes":""},"categories":[1412],"tags":[1464,1451,1452,1453,1454,1455,1011,27,60],"class_list":{"0":"post-322891","1":"post","2":"type-post","3":"status-publish","4":"format-standard","5":"has-post-thumbnail","7":"category-f1","8":"tag-basketball","9":"tag-f1","10":"tag-formula-1","11":"tag-formula1","12":"tag-formule-1","13":"tag-formule1","14":"tag-fr","15":"tag-france","16":"tag-sports"},"share_on_mastodon":{"url":"https:\/\/pubeurope.com\/@fr\/115038474929393765","error":""},"_links":{"self":[{"href":"https:\/\/www.europesays.com\/fr\/wp-json\/wp\/v2\/posts\/322891","targetHints":{"allow":["GET"]}}],"collection":[{"href":"https:\/\/www.europesays.com\/fr\/wp-json\/wp\/v2\/posts"}],"about":[{"href":"https:\/\/www.europesays.com\/fr\/wp-json\/wp\/v2\/types\/post"}],"author":[{"embeddable":true,"href":"https:\/\/www.europesays.com\/fr\/wp-json\/wp\/v2\/users\/2"}],"replies":[{"embeddable":true,"href":"https:\/\/www.europesays.com\/fr\/wp-json\/wp\/v2\/comments?post=322891"}],"version-history":[{"count":0,"href":"https:\/\/www.europesays.com\/fr\/wp-json\/wp\/v2\/posts\/322891\/revisions"}],"wp:featuredmedia":[{"embeddable":true,"href":"https:\/\/www.europesays.com\/fr\/wp-json\/wp\/v2\/media\/322892"}],"wp:attachment":[{"href":"https:\/\/www.europesays.com\/fr\/wp-json\/wp\/v2\/media?parent=322891"}],"wp:term":[{"taxonomy":"category","embeddable":true,"href":"https:\/\/www.europesays.com\/fr\/wp-json\/wp\/v2\/categories?post=322891"},{"taxonomy":"post_tag","embeddable":true,"href":"https:\/\/www.europesays.com\/fr\/wp-json\/wp\/v2\/tags?post=322891"}],"curies":[{"name":"wp","href":"https:\/\/api.w.org\/{rel}","templated":true}]}}