{"id":322899,"date":"2025-08-16T12:39:12","date_gmt":"2025-08-16T12:39:12","guid":{"rendered":"https:\/\/www.europesays.com\/fr\/322899\/"},"modified":"2025-08-16T12:39:12","modified_gmt":"2025-08-16T12:39:12","slug":"interview-une-nouvelle-galerie-dart-sinstalle-en-centre-ville-de-mortagne-au-perche","status":"publish","type":"post","link":"https:\/\/www.europesays.com\/fr\/322899\/","title":{"rendered":"Interview. Une nouvelle galerie d&rsquo;art s&rsquo;installe en centre-ville de Mortagne-au-Perche"},"content":{"rendered":"<p>            Par<br \/>\n        <strong><br \/>\n            <a href=\"https:\/\/actu.fr\/auteur\/journaliste-leperche\" title=\"Consulter tous les articles de R\u00e9daction Mortagne-au-Perche\" target=\"_blank\" rel=\"noopener\">R\u00e9daction Mortagne-au-Perche<\/a><br \/>\n        <\/strong><\/p>\n<p>        Publi\u00e9 le<\/p>\n<p>            15 ao\u00fbt 2025 \u00e0 17h36        <\/p>\n<p>Yves Brunner a ouvert sa galerie d\u2019art et d\u2019objets vintage 6, rue Notre-Dame \u00e0 <b>Mortagne-au-Perche<\/b> (<a href=\"https:\/\/actu.fr\/61actu\/\" target=\"_blank\" rel=\"noopener\">Orne<\/a>) depuis un mois et demi.<\/p>\n<p class=\"ac-article-content__question wall-content\">Etes-vous de la r\u00e9gion?<\/p>\n<p class=\" wall-content\">J\u2019habite \u00e0 Sainte-C\u00e9ronne-l\u00e8s-Mortagne. J\u2019ai quitt\u00e9 la r\u00e9gion pendant 8 ans pour m\u2019\u00e9vader en Tunisie o\u00f9 j\u2019avais d\u00e9j\u00e0 quelques relations que j\u2019ai rejoins. Ayant des racines percheronnes, j\u2019ai regagn\u00e9 le Perche en ayant parcouru avant le Le Poitou, les Charentes, la r\u00e9gion parisienne et la Basse-Normandie\u2026<\/p>\n<p class=\"ac-article-content__question wall-content\">Quelle a \u00e9t\u00e9 votre motivation pour ouvrir cette galerie \u00e0 Mortagne-au-Perche?<\/p>\n<p class=\" wall-content\">J\u2019avais cette id\u00e9e en t\u00eate depuis longtemps car en tant que photographe et plasticien, j\u2019ai toujours baign\u00e9 dans l\u2019art\u2026<\/p>\n<p class=\"ac-article-content__question wall-content\">Pourquoi avez-vous choisi cet emplacement?<\/p>\n<p class=\" wall-content\">Un emplacement libre et bien plac\u00e9 en plein centre-ville. J\u2019ai tr\u00e8s vite saisi cette occasion sans h\u00e9siter.\u00a0<\/p>\n<p class=\"ac-article-content__question wall-content\">La pr\u00e9sence de nombreux magasins d\u2019antiquit\u00e9s sur la ville vous inqui\u00e8te-elle?<\/p>\n<p class=\" wall-content\">Pas du tout car je ne vends pas d\u2019antiquit\u00e9s. Je cherche surtout \u00e0 promouvoir des artistes locaux et des objets vintage, comme l\u00e0 en ce moment ce\u00a0fauteuil planteur!<\/p>\n<p>Vid\u00e9os : en ce moment sur Actu<\/p>\n<p class=\"ac-article-content__question wall-content\">Quelles sont vos sources\u00a0d\u2019approvisionnement?<\/p>\n<p class=\" wall-content\">Pour les objets vintage et parfois insolites, je les chine dans les vide-greniers ou vide-maisons ou bien aussi je vais dans les ressourceries\u2026.En ce qui concerne les expositions, je suis en recherche de\u00a0nouveaux artistes\u00a0qui souhaiteraient exposer au coeur de la ville.<\/p>\n<p class=\"ac-article-content__question wall-content\">Quel est votre\u00a0type de client\u00e8le?<\/p>\n<p class=\" wall-content\">Ma client\u00e8le est compos\u00e9e de retrait\u00e9s et de touristes. Aucun clients locaux pour l\u2019instant.<\/p>\n<p class=\"ac-article-content__question wall-content\">Quels sont vos projets \u00e0 venir?<\/p>\n<p class=\" wall-content\">J\u2019ai pr\u00e9vu une exposition de c\u00e9ramiques en octobre 2025 et aussi une exposition photos en novembre 2025 pour le mois de la photo.<\/p>\n<p>Pratique Ouvert les vendredis et samedis de 9 h \u00e0 13 h et de 14 h 30 \u00e0 18 h. Les dimanches de 10 h \u00e0 13 h et de 14 h \u00e0 18 h. Tel 06 14 09 50 60 pour prendre rendez-vous.<\/p>\n<p class=\" wall-content\">Suivez toute l\u2019actualit\u00e9 de vos villes et m\u00e9dias favoris en vous inscrivant \u00e0 <a href=\"https:\/\/moncompte.actu.fr\" title=\"D\u00e9couvez Mon Actu\" rel=\"nofollow noopener\" data-trk=\"{&quot;cta&quot;:{&quot;action&quot;:&quot;https:\\\/\\\/moncompte.actu.fr&quot;,&quot;category&quot;:&quot;mon compte&quot;,&quot;from&quot;:&quot;article footer&quot;,&quot;name&quot;:&quot;Mon actu&quot;,&quot;type&quot;:&quot;cta&quot;}}\" target=\"_blank\">Mon Actu<\/a>.<\/p>\n","protected":false},"excerpt":{"rendered":"Par R\u00e9daction Mortagne-au-Perche Publi\u00e9 le 15 ao\u00fbt 2025 \u00e0 17h36 Yves Brunner a ouvert sa galerie d\u2019art et&hellip;\n","protected":false},"author":2,"featured_media":322900,"comment_status":"","ping_status":"","sticky":false,"template":"","format":"standard","meta":{"footnotes":""},"categories":[1358],"tags":[1348,1384,1385,1386,58,33,59,1011,27],"class_list":{"0":"post-322899","1":"post","2":"type-post","3":"status-publish","4":"format-standard","5":"has-post-thumbnail","7":"category-arts-et-design","8":"tag-arts","9":"tag-arts-and-design","10":"tag-arts-et-design","11":"tag-design","12":"tag-divertissement","13":"tag-economie","14":"tag-entertainment","15":"tag-fr","16":"tag-france"},"share_on_mastodon":{"url":"https:\/\/pubeurope.com\/@fr\/115038490679502327","error":""},"_links":{"self":[{"href":"https:\/\/www.europesays.com\/fr\/wp-json\/wp\/v2\/posts\/322899","targetHints":{"allow":["GET"]}}],"collection":[{"href":"https:\/\/www.europesays.com\/fr\/wp-json\/wp\/v2\/posts"}],"about":[{"href":"https:\/\/www.europesays.com\/fr\/wp-json\/wp\/v2\/types\/post"}],"author":[{"embeddable":true,"href":"https:\/\/www.europesays.com\/fr\/wp-json\/wp\/v2\/users\/2"}],"replies":[{"embeddable":true,"href":"https:\/\/www.europesays.com\/fr\/wp-json\/wp\/v2\/comments?post=322899"}],"version-history":[{"count":0,"href":"https:\/\/www.europesays.com\/fr\/wp-json\/wp\/v2\/posts\/322899\/revisions"}],"wp:featuredmedia":[{"embeddable":true,"href":"https:\/\/www.europesays.com\/fr\/wp-json\/wp\/v2\/media\/322900"}],"wp:attachment":[{"href":"https:\/\/www.europesays.com\/fr\/wp-json\/wp\/v2\/media?parent=322899"}],"wp:term":[{"taxonomy":"category","embeddable":true,"href":"https:\/\/www.europesays.com\/fr\/wp-json\/wp\/v2\/categories?post=322899"},{"taxonomy":"post_tag","embeddable":true,"href":"https:\/\/www.europesays.com\/fr\/wp-json\/wp\/v2\/tags?post=322899"}],"curies":[{"name":"wp","href":"https:\/\/api.w.org\/{rel}","templated":true}]}}