{"id":322903,"date":"2025-08-16T12:41:13","date_gmt":"2025-08-16T12:41:13","guid":{"rendered":"https:\/\/www.europesays.com\/fr\/322903\/"},"modified":"2025-08-16T12:41:13","modified_gmt":"2025-08-16T12:41:13","slug":"cauchemar-en-cuisine-que-devient-le-restaurant-de-siham-a-marseille-depuis-le-passage-memorable-de-philippe-etchebest","status":"publish","type":"post","link":"https:\/\/www.europesays.com\/fr\/322903\/","title":{"rendered":"\u00ab\u00a0Cauchemar en cuisine\u00a0\u00bb : Que devient le restaurant de Siham \u00e0 Marseille depuis le passage m\u00e9morable de Philippe Etchebest ?"},"content":{"rendered":"<p>La suite apr\u00e8s la publicit\u00e9<\/p>\n<p><a href=\"https:\/\/www.ozap.com\/personnalite\/philippe-etchebest_e189583\" rel=\"nofollow noopener\" target=\"_blank\">Philippe Etchebest<\/a> a une nouvelle fois rendez-vous \u00e0 Marseille pour le num\u00e9ro de <a href=\"https:\/\/www.ozap.com\/actu\/cauchemar-en-cuisine-qu-est-devenu-le-restaurant-de-bruno-a-saint-quentin-apres-le-passage-de-philippe-etchebest\/650867\" rel=\"nofollow noopener\" target=\"_blank\">\u00ab\u00a0Cauchemar en cuisine\u00a0\u00bb<\/a>, diffus\u00e9 ce samedi 16 ao\u00fbt \u00e0 13h50. Apr\u00e8s <a href=\"https:\/\/www.ozap.com\/actu\/cest-toujours-complique-que-devient-le-restaurant-dantonio-a-marseille-depuis-le-tournage-de-cauchemar-en-cuisine-et-le-passage-de-philippe-etchebest-il-y-a-3-mois\/650612\" rel=\"nofollow noopener\" target=\"_blank\">\u00eatre venu en aide \u00e0 Antonio<\/a>, c&rsquo;est Siham, aux commandes de \u00ab\u00a0La Brasserie de Lyon\u00a0\u00bb, qui a fait appel aux services du Messie des fourneaux. Alors qu&rsquo;elle pensait vivre une belle aventure familiale en montant un restaurant dans la cit\u00e9 phoc\u00e9enne, cette autodidacte a vu son chiffre d&rsquo;affaires s&rsquo;\u00e9crouler suite \u00e0 la baisse de fr\u00e9quentation de son \u00e9tablissement. \u00c0 peine arriv\u00e9 sur place, <a href=\"https:\/\/www.ozap.com\/actu\/-mais-c-est-magnifique-c-est-incroyable-philippe-etchebest-explose-de-joie-grace-a-albane-dans-top-chef\/629966\" rel=\"nofollow noopener\" target=\"_blank\">le jur\u00e9 de \u00ab\u00a0Top Chef\u00a0\u00bb<\/a> a rapidement d\u00e9cel\u00e9 les raisons qui ont fait fuir les clients, entre une carte illisible, des plats insipides et une ambiance d\u00e9l\u00e9t\u00e8re en cuisine.\u00a0<\/p>\n<p>Une situation \u00ab\u00a0un peu diff\u00e9rente des autres \u00e9missions\u00a0\u00bb<\/p>\n<p>Son passage muscl\u00e9 a n\u00e9anmoins permis \u00e0 Siham, sa soeur Sanna et sa cousine Le\u00efla de sauver leur \u00e9tablissement de la banqueroute. La diffusion de l&rsquo;\u00e9mission, le 27 juin 2018, a en effet eu un impact tr\u00e8s positif sur le volume d&rsquo;activit\u00e9 de cette brasserie. \u00ab\u00a0C\u2019est la folie, c\u2019est totalement la course depuis jeudi. On a d\u00fb ouvrir jeudi soir, vendredi on a fini \u00e0 2 heures du matin et samedi \u00e0 3 heures\u00a0\u00bb, t\u00e9moignait dans \u00ab\u00a020 minutes\u00a0\u00bb la g\u00e9rante, deux mois apr\u00e8s le tournage du num\u00e9ro. Toutes ont trouv\u00e9 la recette pour retrouver le sourire en servant une cuisine marocaine traditionnelle dans la bonne humeur et sans escarmouche. \u00ab\u00a0C\u2019\u00e9tait un peu diff\u00e9rent des autres \u00e9missions, la cuisine n\u2019\u00e9tait pas d\u00e9gueulasse, c\u2019\u00e9tait surtout un probl\u00e8me d\u2019organisation. La pr\u00e9sence d\u2019une personne ext\u00e9rieure m\u2019a permis d\u2019\u00e9claircir la situation et maintenant on peut se donner \u00e0 fond\u00a0\u00bb, expliquait-elle.<\/p>\n<p>A lire aussi : <a href=\"https:\/\/www.ozap.com\/actu\/20000-euros-de-perte-depuis-le-debut-de-lannee-3-ans-apres-cauchemar-en-cuisine-sur-m6-marie-laure-et-patrice-lancent-un-appel-au-secours-pour-sauver-leur-restaurant-le-guillec-a-plouzevede\/651119\" rel=\"nofollow noopener\" target=\"_blank\">\u00ab\u00a020.000 euros de perte depuis le d\u00e9but de l&rsquo;ann\u00e9e\u00a0\u00bb : 3 ans apr\u00e8s \u00ab\u00a0Cauchemar en cuisine\u00a0\u00bb sur M6, Marie-Laure et Patrice lancent \u00ab\u00a0un appel au secours\u00a0\u00bb pour sauver leur restaurant, Le Guillec, \u00e0 Plouz\u00e9v\u00e9d\u00e9<\/a><\/p>\n<p>Annonc\u00e9 comme \u00ab\u00a0ferm\u00e9\u00a0\u00bb sur Tripadvisor<\/p>\n<p>Boost\u00e9e par ce succ\u00e8s, elle envisageait \u00e9galement de changer le nom de leur commerce en hommage \u00e0 leur grand-m\u00e8re qui leur a appris la cuisine marocaine. \u00ab\u00a0C\u2019\u00e9tait une p\u00e9riode tr\u00e8s compliqu\u00e9e, elle pleurait beaucoup. Je lui ai dit que si \u00e7a continuait, elle allait g\u00e2cher sa vie de famille avec son mari, ses enfants et ses s\u0153urs. Aujourd\u2019hui \u00e7a va beaucoup mieux et j\u2019esp\u00e8re que \u00e7a va continuer comme \u00e7a\u00a0\u00bb, se r\u00e9jouissait la maman de Siham, soulag\u00e9e pour sa prog\u00e9niture. Malheureusement, les espoirs de la fratrie ont \u00e9t\u00e9 douch\u00e9s puisque d\u00e8s septembre, la client\u00e8le se faisait de nouveau rare et la propri\u00e9taire des lieux se battait pour se sortir de cette mauvaise passe. Aujourd&rsquo;hui, \u00ab\u00a0La Brasserie de Lyon\u00a0\u00bb s&rsquo;affiche comme \u00ab\u00a0ferm\u00e9e\u00a0\u00bb sur Tripadvisor. Le dernier commentaire d&rsquo;un client date d&rsquo;ao\u00fbt 2021, et n&rsquo;\u00e9tait pas forc\u00e9ment laudatif sur la cuisine propos\u00e9e ce jour-l\u00e0. Les pr\u00e9c\u00e9dents, en revanche, vantaient cette adresse au centre de Marseille. Silence radio sur Facebook o\u00f9 plus aucune publication n&rsquo;a \u00e9t\u00e9 post\u00e9e depuis f\u00e9vrier 2021.<\/p>\n","protected":false},"excerpt":{"rendered":"La suite apr\u00e8s la publicit\u00e9 Philippe Etchebest a une nouvelle fois rendez-vous \u00e0 Marseille pour le num\u00e9ro de&hellip;\n","protected":false},"author":2,"featured_media":322904,"comment_status":"","ping_status":"","sticky":false,"template":"","format":"standard","meta":{"footnotes":""},"categories":[1356],"tags":[58,59,1011,27,252,1364],"class_list":{"0":"post-322903","1":"post","2":"type-post","3":"status-publish","4":"format-standard","5":"has-post-thumbnail","7":"category-television","8":"tag-divertissement","9":"tag-entertainment","10":"tag-fr","11":"tag-france","12":"tag-television","13":"tag-tv"},"share_on_mastodon":{"url":"https:\/\/pubeurope.com\/@fr\/115038498648832768","error":""},"_links":{"self":[{"href":"https:\/\/www.europesays.com\/fr\/wp-json\/wp\/v2\/posts\/322903","targetHints":{"allow":["GET"]}}],"collection":[{"href":"https:\/\/www.europesays.com\/fr\/wp-json\/wp\/v2\/posts"}],"about":[{"href":"https:\/\/www.europesays.com\/fr\/wp-json\/wp\/v2\/types\/post"}],"author":[{"embeddable":true,"href":"https:\/\/www.europesays.com\/fr\/wp-json\/wp\/v2\/users\/2"}],"replies":[{"embeddable":true,"href":"https:\/\/www.europesays.com\/fr\/wp-json\/wp\/v2\/comments?post=322903"}],"version-history":[{"count":0,"href":"https:\/\/www.europesays.com\/fr\/wp-json\/wp\/v2\/posts\/322903\/revisions"}],"wp:featuredmedia":[{"embeddable":true,"href":"https:\/\/www.europesays.com\/fr\/wp-json\/wp\/v2\/media\/322904"}],"wp:attachment":[{"href":"https:\/\/www.europesays.com\/fr\/wp-json\/wp\/v2\/media?parent=322903"}],"wp:term":[{"taxonomy":"category","embeddable":true,"href":"https:\/\/www.europesays.com\/fr\/wp-json\/wp\/v2\/categories?post=322903"},{"taxonomy":"post_tag","embeddable":true,"href":"https:\/\/www.europesays.com\/fr\/wp-json\/wp\/v2\/tags?post=322903"}],"curies":[{"name":"wp","href":"https:\/\/api.w.org\/{rel}","templated":true}]}}