{"id":322905,"date":"2025-08-16T12:42:11","date_gmt":"2025-08-16T12:42:11","guid":{"rendered":"https:\/\/www.europesays.com\/fr\/322905\/"},"modified":"2025-08-16T12:42:11","modified_gmt":"2025-08-16T12:42:11","slug":"comment-le-cabaret-vert-est-aussi-devenu-un-festival-de-bd-incontournable","status":"publish","type":"post","link":"https:\/\/www.europesays.com\/fr\/322905\/","title":{"rendered":"comment le Cabaret Vert est aussi devenu un festival de BD incontournable"},"content":{"rendered":"<p class=\"article__intro\">Plus qu\u2019un rendez-vous musical, le Cabaret Vert, qui se poursuit jusqu&rsquo;au dimanche 17 ao\u00fbt \u00e0 Charleville-M\u00e9zi\u00e8res (Ardennes) est devenu en 20 ans un festival BD incontournable pour les fans et les auteurs.\u00a0<\/p>\n<p>\n      L\u2019actu des r\u00e9gions\n    <\/p>\n<p>\n      Chaque jour, un tour d\u2019horizon des principales infos de toutes les r\u00e9gions.\n    <\/p>\n<p>    France T\u00e9l\u00e9visions utilise votre adresse e-mail afin de vous envoyer la newsletter \u00ab\u00a0L\u2019actu des r\u00e9gions\u00a0\u00bb. Vous pouvez vous d\u00e9sinscrire \u00e0 tout moment via le lien en bas de cette newsletter. <a target=\"_blank\" href=\"https:\/\/www.francetelevisions.fr\/groupe\/confidentialite\/politique-de-confidentialite\/politique-de-confidentialite-de-france-televisions-6503\" rel=\"nofollow noopener\">Notre politique de confidentialit\u00e9<\/a><\/p>\n<p>Dans la halle Bayard, la canicule transpire encore. Sur leur visage tir\u00e9 par la fatigue, aussi. Ils attendent leur tour assis par terre, BD en main. <\/p>\n<p>Certains chanceux ont r\u00e9ussi \u00e0 d\u00e9crocher leur coupe-file. Et d\u2019autres fans aguerris encha\u00eenent les d\u00e9dicaces, comme Beno\u00eet Breton. \u201cJe suis arriv\u00e9 mercredi apr\u00e8s-midi de Clermont-Ferrand. Je me suis mis premier en file d\u2019attente \u00e0 20h, pour ouverture le lendemain \u00e0 16h. Et hier soir, je me suis mis en file d\u2019attente, pareil premier \u00e0 22h15, pour l&rsquo;ouverture aujourd\u2019hui \u00e0 16h\u201d. <\/p>\n<p>Dix ann\u00e9es d\u00e9j\u00e0 que cet ouvrier en b\u00e2timent vient au Cabaret Vert pour son festival BD et depuis, c\u2019est devenu l\u2019un des plus importants de France avec deux fois plus d\u2019artistes invit\u00e9s. 70 cette ann\u00e9e et parmi eux, de grandes plumes traqu\u00e9es par Beno\u00eet, satisfait d\u2019avoir investi 150 euros en billets de train. \u201cJ\u2019ai fait Malfin aujourd\u2019hui, que je voulais absolument, un grand auteur que j\u2019adore. Je viens de faire Monier, il m\u2019a fait une tr\u00e8s jolie d\u00e9dicace. J\u2019ai vu plusieurs dessinateurs de la s\u00e9rie Elfes, Nains, etc. C\u2019est vraiment super sympa, c\u2019est top !\u201d<\/p>\n<p>\u00a0Dans les all\u00e9es, Vincent Paris rep\u00e8re tr\u00e8s vite ces fans. \u201cIls sont une soixantaine \u00e0 avoir pass\u00e9 la nuit \u00e0 l\u2019entr\u00e9e du Cabaret Vert pour \u00eatre les premiers. D\u00e8s l\u2019ouverture, ils se pr\u00e9cipitent au festival BD car c\u2019est premier arriv\u00e9, premier servi et on sait qu\u2019il y a des auteurs tr\u00e8s pris\u00e9s\u201d. <\/p>\n<p>B\u00e9n\u00e9vole depuis 10 ans, ce mordu de BD ne s\u2019y trompe pas et distribue des tickets dans l\u2019ordre d\u2019arriv\u00e9e. Son pire ennemi ? Les files d\u2019attente. Une fois les portes ouvertes \u00e0 16h, cinq minutes auront suffi pour qu\u2019il mette son panneau \u201cStop file\u201d devant deux auteurs du moment. \u201cLaurent Veron, c&rsquo;est le dessinateur qui a repris Boule et Bill, donc voil\u00e0 plut\u00f4t connu. Alexis Nesme vient de faire un album de reprise sur le Marsupilami. Dehors, il y a un auteur qui s&rsquo;appelle Lorusso, c&rsquo;est un Italien qui est tr\u00e8s rare en France et il ne fera que dix d\u00e9dicaces. L\u00e0, j&rsquo;ai dix personnes qui sont l\u00e0, qui attendent et lui il n\u2019arrivera qu&rsquo;\u00e0 dix-huit heures\u2026\u201d. <\/p>\n<p>Et en dix ann\u00e9es de Cabaret Vert, ce Troyen a vu le festival grandir, avec son p\u00f4le manga, son p\u00f4le Comics, son prix Cabaret Vert lanc\u00e9 en 2022 aupr\u00e8s des lyc\u00e9es du d\u00e9partement des Ardennes. \u201cL&rsquo;ann\u00e9e derni\u00e8re, on a r\u00e9ussi \u00e0 avoir le dessinateur de The Walking Dead ! C&rsquo;est un festival \u00e0 part&#8230; Pour moi le Cabaret, c&rsquo;est un festival multiculturel, par la musique, le cin\u00e9ma, les arts de rue, la BD et c&rsquo;est \u00e7a, cette richesse, il est top !\u201d.<\/p>\n<p><a data-article-figure=\"\" href=\"https:\/\/france3-regions.franceinfo.fr\/image\/gRn8KsE5iyhYazURNBjSsUnSk6A\/1832x1282\/regions\/2025\/08\/16\/capture-d-ecran-2025-08-16-a-11-05-13-68a04a08559b9881973543.png\" data-pswp-width=\"1832\" data-pswp-height=\"1282\" target=\"_blank\" rel=\"nofollow noopener\"><\/p>\n<p>          <img width=\"600\" height=\"400\" class=\"article-image lazy\" data-src=\"https:\/\/www.europesays.com\/fr\/wp-content\/uploads\/2025\/08\/capture-d-ecran-2025-08-16-a-11-05-13-68a04a08559b9881973543.png\" alt=\"En 5 minutes, les 2h de d\u00e9dicace d\u2019Alexis Nesme affichent complet.\" fetchpriority=\"high\" as=\"image\"\/><\/p>\n<p>\n            En 5 minutes, les 2h de d\u00e9dicace d\u2019Alexis Nesme affichent complet.<br \/>\n                           \u2022<br \/>\n                                      \u00a9 Romain Nowicki \/ FTV\n                      <\/p>\n<p><\/a><\/p>\n<p>19h, l\u2019heure de la bascule sonne : Vincent am\u00e8ne les nouveaux auteurs en d\u00e9dicace pendant que les premiers terminent leur croquis. Arriv\u00e9 il y a quelques minutes de son atelier de Reims, Philippe Buchet encha\u00eene deux interviews et s\u2019installe \u00e0 son stand. L\u2019auteur de la mythique s\u00e9rie Sillage lanc\u00e9e en 1998 attire de nombreux fans. \u201cJe veux bien faire 200 signatures en 2h, mais le but de ce genre de festival, cela reste le dessin souvenir !\u201d. Il n\u2019y aura que 15 chanceux, mais le ma\u00eetre du space opera -comprendre aventures spatiales- a marqu\u00e9 le Cabaret Vert d\u2019une croix dans son calendrier depuis sa premi\u00e8re invitation en 2018. \u201c<\/p>\n<p>\u00ab\u00a0C\u2019\u00e9tait un coup de foudre. Si on m\u2019avait dit un jour qu\u2019\u00e0 Charleville je verrais les Chemical Brothers\u2026 J\u2019ai vu Soul Wax, qui \u00e9tait l\u2019un des meilleurs concerts de ma vie, avec leurs percussions c\u2019\u00e9tait impressionnant. J\u2019ai rencontr\u00e9 aussi plein d\u2019auteurs. Du coup \u00e0 chaque fois que je peux revenir, je reviens ! Une habitude prise, quitte \u00e0 faire des infid\u00e9lit\u00e9s. \u201cAvant quand je venais, le festival \u00e9tait plus fin ao\u00fbt et il y avait en m\u00eame temps un festival \u00e0 Solli\u00e8s-Ville dans le Sud. On y faisait un peu de plong\u00e9e et une journ\u00e9e barbecue, donc je me disais que pour pouvoir d\u00e9tr\u00f4ner le festival de Solli\u00e8s, \u00e7a allait \u00eatre dur ! Et pourtant, la premi\u00e8re fois que je suis venu au Cabaret Vert m\u2019a suffi. Apr\u00e8s, quand Solli\u00e8s m\u2019invitait, je disais \u201cd\u00e9sol\u00e9, je ne peux pas j\u2019ai Cabaret Vert !\u201d, sourit le dessinateur originaire de Juniville dans les Ardennes, loin d\u2019\u00eatre le seul \u00e0 s\u2019enthousiasmer pour l\u2019\u00e9v\u00e9nement.<\/p>\n<blockquote class=\"ftvi_content_quote\">\n<p class=\"ftvi_citation_quote\">C\u2019est marrant d\u2019aller aux toilettes et de tomber sur Orelsan qui te dit \u201cSalut !\u201d alors qu\u2019on ne se conna\u00eet pas<\/p>\n<p>Philippe Buchet, auteur de la s\u00e9rie Sillage<\/p>\n<p class=\"ftvi_citation_source\">\u00e0 France 3 Champagne-Ardenne<\/p>\n<\/blockquote>\n<p>Chaque ann\u00e9e, le programmateur trie sur le volet les auteurs invit\u00e9s, entre jeunes pousses et pointures. \u201cOn est le festival le plus appr\u00e9ci\u00e9 de France, on peut le dire, sur la base des retours qu\u2019on a, des sourires, des yeux des auteurs qui p\u00e9tillent, se f\u00e9licite Laurent Quesada, en charge de la programmation depuis 2015. Il y a une prise en charge totale de l\u2019artiste, au m\u00eame titre que les artistes sur sc\u00e8ne. Ils profitent du restaurant invit\u00e9s, o\u00f9 on mange tr\u00e8s bien, ils profitent des loges, c\u2019est gratuit et c\u2019est open. C\u2019est rare dans les autres festivals o\u00f9 g\u00e9n\u00e9ralement t\u2019as deux tickets et c\u2019est tout. Et ils profitent des concerts et de la programmation exceptionnelle !\u201d.<\/p>\n<p>\u201cC\u2019est marrant d\u2019aller aux toilettes et de tomber sur Orelsan qui te dit \u201cSalut !\u201d alors qu\u2019on ne se conna\u00eet pas. Je trouve que c\u2019est une ambiance hyper d\u00e9contract\u00e9e, m\u00eame le public, c\u2019est hyper d\u00e9tendu\u201d, abonde Philippe Buchet. Les auteurs sont chouchout\u00e9s, m\u00eame par ces fortes chaleurs, gr\u00e2ce \u00e0 des ventilateurs align\u00e9s sous leur stand. Depuis quelques ann\u00e9es, l\u2019organisation r\u00e9mun\u00e8re m\u00eame leurs s\u00e9ances de d\u00e9dicace en lien avec les institutions publiques (la DRAC, la CNL et la SOFIA (Soci\u00e9t\u00e9 Fran\u00e7aise des Int\u00e9r\u00eats des Auteurs de l&rsquo;\u00e9crit)). \u201cLes festivals, c\u2019est essentiel pour nous, surtout quand tu commences. Ici, tu vends des bouquins, t\u2019as une vitrine, il y a des gens qui passent, qui n\u2019\u00e9taient pas sensibles \u00e0 ton travail et tu as le temps de leur montrer ce que tu fais, explique Lolita Couturier, jeune dessinatrice de 25 ans.<\/p>\n<p>Pour son premier Cabaret Vert, cette Parisienne install\u00e9e \u00e0 Angoul\u00eame &#8211; \u201cComme par hasard !\u201d- est venue pr\u00e9senter son deuxi\u00e8me album, D\u00e9tour par Epsilon, non sans tomber sous le charme de l\u2019organisation de l\u2019\u00e9v\u00e9nement qui a vu d\u00e9filer 16 000 festivaliers en 2024. \u201cIci, on est tellement bien accueilli, la nourriture est trop bonne, l\u2019\u00e9quipe de b\u00e9n\u00e9voles est adorable, on nous laisse vraiment profiter du festival aussi, de toute la programmation musicale. Surtout, tu rencontres d\u2019autres auteurs et \u00e7a te permet de comprendre plein de choses \u00e0 ce milieu qui parfois est un peu opaque, vu qu\u2019on est chacun de notre c\u00f4t\u00e9, on travaille chez soi. Tu te rends compte que parfois on est dans la m\u00eame probl\u00e9matique.\u201d <\/p>\n<p><a data-article-figure=\"\" href=\"https:\/\/france3-regions.franceinfo.fr\/image\/qcjQ1_clEWCmBtIVNK8bSsyPKFg\/1440x1920\/regions\/2025\/08\/16\/thumbnail-img-0566-68a0492257f55350115184.jpg\" data-pswp-width=\"1440\" data-pswp-height=\"1920\" target=\"_blank\" rel=\"nofollow noopener\"><\/p>\n<p>          <img width=\"600\" height=\"400\" class=\"article-image lazy\" data-src=\"https:\/\/www.europesays.com\/fr\/wp-content\/uploads\/2025\/08\/thumbnail-img-0566-68a0492257f55350115184.jpg\" alt=\"Lolita Couturier pr\u00e9sente son dernier album, D\u00e9tour par Epsilon.\" fetchpriority=\"high\" as=\"image\"\/><\/p>\n<p>\n            Lolita Couturier pr\u00e9sente son dernier album, D\u00e9tour par Epsilon.<br \/>\n                           \u2022<br \/>\n                                      \u00a9 Romain Nowicki \/ FTV\n                      <\/p>\n<p><\/a><\/p>\n<p>Une proximit\u00e9 recherch\u00e9e par tous les auteurs, une pression moindre, aussi, dans un cadre bucolique o\u00f9 fleure un parfum de fin des vacances. L\u2019artiste Teddy Bellino ne dira pas le contraire, lui qui vient de croiser celle qu\u2019il a croqu\u00e9e au stylo Bic en 33h, Zaho de Sagazan. \u201cElle a vu sur les r\u00e9seaux que j&rsquo;avais fait le dessin. Elle avait lik\u00e9 mon post. L\u00e0, en fait, elle a d\u00e9couvert l&rsquo;original. Elle me l&rsquo;a sign\u00e9. Je lui ai offert une belle reproduction, raconte l\u2019illustrateur expos\u00e9 \u00e0 la m\u00e9diath\u00e8que de Charleville-M\u00e9zi\u00e8res cet \u00e9t\u00e9. Elle \u00e9tait super contente et on a bien discut\u00e9. Elle a m\u00eame regard\u00e9 mon book avec tous les autres dessins.\u201d Une rencontre en toute intimit\u00e9, \u00e0 l\u2019abri des regards m\u00e9diatiques, qui font la saveur du Cabaret Vert. <\/p>\n<p><a data-article-figure=\"\" href=\"https:\/\/france3-regions.franceinfo.fr\/image\/HAYuHiOqivD6Xu7_qJ2_PPzYfpk\/1004x1098\/regions\/2025\/08\/16\/capture-d-ecran-2025-08-16-a-10-59-56-68a048cae1410289357824.png\" data-pswp-width=\"1004\" data-pswp-height=\"1098\" target=\"_blank\" rel=\"nofollow noopener\"><\/p>\n<p>          <img width=\"600\" height=\"400\" class=\"article-image lazy\" data-src=\"https:\/\/www.europesays.com\/fr\/wp-content\/uploads\/2025\/08\/capture-d-ecran-2025-08-16-a-10-59-56-68a048cae1410289357824.png\" alt=\"Teddy Bellino et son illustration de Zaho de Sagazan sign\u00e9e par l\u2019artiste.\" fetchpriority=\"high\" as=\"image\"\/><\/p>\n<p>\n            Teddy Bellino et son illustration de Zaho de Sagazan sign\u00e9e par l\u2019artiste.<br \/>\n                           \u2022<br \/>\n                                      \u00a9 Romain Nowicki \/ FTV\n                      <\/p>\n<p><\/a><\/p>\n<p>\u201c\u00c0 Angoul\u00eame par exemple, il y a presque trop de monde, des centaines d\u2019auteurs, entre les d\u00e9dicaces, les interviews, on ne peut pas faire deux pas sans croiser quelqu&rsquo;un, synth\u00e9tise Philippe Buchet en grand habitu\u00e9. On a l\u2019impression d\u2019\u00eatre \u00e0 un mariage, on voit tout le monde, on a le temps de discuter avec personne finalement.\u201d <\/p>\n<p>Pour les organisateurs ardennais, pas question de concurrencer Angoul\u00eame et ses 1500 auteurs, 200 000 festivaliers, le tout chaperonn\u00e9 par les \u00e9diteurs. Question d\u2019ind\u00e9pendance. La jauge de 70 invit\u00e9s ne devrait donc pas augmenter. \u201cDans le milieu de la bande dessin\u00e9e, le Cabaret Vert est dans le top 5 des festivals BD de France par rapport \u00e0 la prestation donn\u00e9e, s\u2019avance Vincent Paris. Tous les auteurs que je connais demandent de revenir d&rsquo;ann\u00e9e en ann\u00e9e mais il faut partager.\u201d<\/p>\n<p>\u00c0 peine le temps de distribuer d\u2019autres tickets d\u2019attente que Vincent Paris croise Alison Delbart, prise entre deux conseils BD. Cette libraire de formation officie \u00e0 Metz, et depuis trois ans, elle pose sa semaine de vacances pour tenir la grande librairie \u00e9ph\u00e9m\u00e8re du festival avec deux confr\u00e8res. \u201cJe viens pour les auteurs, nous on vient pour le CV aussi parce que c\u2019est toujours cool d\u2019avoir une exp\u00e9rience comme celle-ci. Le festival est devenu de plus en plus r\u00e9put\u00e9, il a mont\u00e9 en gamme avec son plateau d\u2019auteurs, \u00e7a intrigue les amateurs de BD et comme on bosse dans la BD, on a eu envie de voir \u00e7a de plus pr\u00e8s.\u201d <\/p>\n<p>Et chaque ann\u00e9e de nouvelles nouveaut\u00e9s l\u2019attendent, elle, Philippe, Vincent, Beno\u00eet et tous les curieux qui s\u2019int\u00e9ressent au 9e art. Avec le projet de r\u00e9habilitation de la Mac\u00e9rienne, les organisateurs voient plus loin. L\u2019usine historique de l\u2019automobile pourrait accueillir des concerts dessin\u00e9s. De quoi repousser toujours plus la cr\u00e9ativit\u00e9 d\u2019un festival baptis\u00e9 du nom du plus imaginatif des Carolomac\u00e9riens : Arthur Rimbaud et son Cabaret Vert.<\/p>\n","protected":false},"excerpt":{"rendered":"Plus qu\u2019un rendez-vous musical, le Cabaret Vert, qui se poursuit jusqu&rsquo;au dimanche 17 ao\u00fbt \u00e0 Charleville-M\u00e9zi\u00e8res (Ardennes) est&hellip;\n","protected":false},"author":2,"featured_media":322906,"comment_status":"","ping_status":"","sticky":false,"template":"","format":"standard","meta":{"footnotes":""},"categories":[1355],"tags":[58,59,1011,27,1361,873],"class_list":{"0":"post-322905","1":"post","2":"type-post","3":"status-publish","4":"format-standard","5":"has-post-thumbnail","7":"category-musique","8":"tag-divertissement","9":"tag-entertainment","10":"tag-fr","11":"tag-france","12":"tag-music","13":"tag-musique"},"share_on_mastodon":{"url":"https:\/\/pubeurope.com\/@fr\/115038502545581631","error":""},"_links":{"self":[{"href":"https:\/\/www.europesays.com\/fr\/wp-json\/wp\/v2\/posts\/322905","targetHints":{"allow":["GET"]}}],"collection":[{"href":"https:\/\/www.europesays.com\/fr\/wp-json\/wp\/v2\/posts"}],"about":[{"href":"https:\/\/www.europesays.com\/fr\/wp-json\/wp\/v2\/types\/post"}],"author":[{"embeddable":true,"href":"https:\/\/www.europesays.com\/fr\/wp-json\/wp\/v2\/users\/2"}],"replies":[{"embeddable":true,"href":"https:\/\/www.europesays.com\/fr\/wp-json\/wp\/v2\/comments?post=322905"}],"version-history":[{"count":0,"href":"https:\/\/www.europesays.com\/fr\/wp-json\/wp\/v2\/posts\/322905\/revisions"}],"wp:featuredmedia":[{"embeddable":true,"href":"https:\/\/www.europesays.com\/fr\/wp-json\/wp\/v2\/media\/322906"}],"wp:attachment":[{"href":"https:\/\/www.europesays.com\/fr\/wp-json\/wp\/v2\/media?parent=322905"}],"wp:term":[{"taxonomy":"category","embeddable":true,"href":"https:\/\/www.europesays.com\/fr\/wp-json\/wp\/v2\/categories?post=322905"},{"taxonomy":"post_tag","embeddable":true,"href":"https:\/\/www.europesays.com\/fr\/wp-json\/wp\/v2\/tags?post=322905"}],"curies":[{"name":"wp","href":"https:\/\/api.w.org\/{rel}","templated":true}]}}