{"id":322916,"date":"2025-08-16T12:48:12","date_gmt":"2025-08-16T12:48:12","guid":{"rendered":"https:\/\/www.europesays.com\/fr\/322916\/"},"modified":"2025-08-16T12:48:12","modified_gmt":"2025-08-16T12:48:12","slug":"plusieurs-milliers-de-vehicules-rappeles-en-france-pour-un-risque-dincendie-actualites","status":"publish","type":"post","link":"https:\/\/www.europesays.com\/fr\/322916\/","title":{"rendered":"Plusieurs milliers de v\u00e9hicules rappel\u00e9s en France pour un risque d&rsquo;incendie : Actualit\u00e9s"},"content":{"rendered":"<p class=\"lead \"><strong>Des milliers de voitures de plusieurs marques, dont Peugeot, Citro\u00ebn, Opel, Fiat ou encore Jeep, font l\u2019objet d\u2019un rappel en France. Le site gouvernemental Rappel Conso a indiqu\u00e9, le 15 ao\u00fbt, qu\u2019un d\u00e9faut technique pouvait provoquer une fuite de carburant et entra\u00eener un risque d\u2019incendie.<\/strong><\/p>\n<p class=\"lead \">Un probl\u00e8me de s\u00e9curit\u00e9 a \u00e9t\u00e9 d\u00e9tect\u00e9 sur de nombreux v\u00e9hicules en circulation. Certains mod\u00e8les pr\u00e9sentent une fuite de carburant pouvant provoquer un d\u00e9part de feu, ce d\u00e9faut a \u00e9t\u00e9 signal\u00e9 le 15 ao\u00fbt par <a href=\"https:\/\/rappel.conso.gouv.fr\/categorie\/0\/2\" target=\"_blank\" rel=\"nofollow noopener\">Rappel Conso<\/a>, qui pr\u00e9cise que \u00ab\u00a0l\u2019absence d\u2019\u00e9crou\u00a0\u00bb est \u00e0 l\u2019origine de cette d\u00e9faillance m\u00e9canique.<\/p>\n<p>                                                                                                 Quelles sont les marques concern\u00e9es ? <\/p>\n<p class=\"lead \">Plusieurs constructeurs sont concern\u00e9s par cette campagne de rappel, parmi lesquels figurent Peugeot, Citro\u00ebn, DS Automobiles, Opel, Fiat, Alfa Romeo, Lancia et Jeep. Chez Peugeot, les mod\u00e8les 208, 308, 408, 2008, 3008 et 5008 sont concern\u00e9s. Du c\u00f4t\u00e9 de Citro\u00ebn, les mod\u00e8les rappel\u00e9s incluent notamment la C3 Aircross, la C4, la C4X ou encore la C5 Aircross.<\/p>\n<p class=\"lead \">Des v\u00e9hicules DS, Fiat (600, Grande Panda), Opel (Astra, Corsa, Mokka, Grandland\u2026), Alfa Romeo (Junior), Lancia (Ypsilon) et Jeep (Avenger) figurent \u00e9galement dans la liste publi\u00e9e par le site du gouvernement. Les propri\u00e9taires des v\u00e9hicules concern\u00e9s doivent v\u00e9rifier les num\u00e9ros de r\u00e9ception CE indiqu\u00e9s sur leur carte grise (case K) afin de savoir si leur voiture est touch\u00e9e par ce rappel. Si votre v\u00e9hicule est concern\u00e9, les autorit\u00e9s conseillent de contacter rapidement votre concessionnaire pour proc\u00e9der aux r\u00e9parations n\u00e9cessaires. Comme le rappelle le site du gouvernement, ce risque d\u2019incendie ne doit pas \u00eatre pris \u00e0 la l\u00e9g\u00e8re.<\/p>\n<p class=\"small font-weight-bold text-gray3 \"> publi\u00e9 le 16 ao\u00fbt \u00e0 12h30, Alexandre Lecomte, 6Medias. <\/p>\n<p>                             Partager<\/p>\n","protected":false},"excerpt":{"rendered":"Des milliers de voitures de plusieurs marques, dont Peugeot, Citro\u00ebn, Opel, Fiat ou encore Jeep, font l\u2019objet d\u2019un&hellip;\n","protected":false},"author":2,"featured_media":322917,"comment_status":"","ping_status":"","sticky":false,"template":"","format":"standard","meta":{"footnotes":""},"categories":[6],"tags":[35,33,34,1011,27],"class_list":{"0":"post-322916","1":"post","2":"type-post","3":"status-publish","4":"format-standard","5":"has-post-thumbnail","7":"category-economie","8":"tag-business","9":"tag-economie","10":"tag-economy","11":"tag-fr","12":"tag-france"},"share_on_mastodon":{"url":"https:\/\/pubeurope.com\/@fr\/115038526115278972","error":""},"_links":{"self":[{"href":"https:\/\/www.europesays.com\/fr\/wp-json\/wp\/v2\/posts\/322916","targetHints":{"allow":["GET"]}}],"collection":[{"href":"https:\/\/www.europesays.com\/fr\/wp-json\/wp\/v2\/posts"}],"about":[{"href":"https:\/\/www.europesays.com\/fr\/wp-json\/wp\/v2\/types\/post"}],"author":[{"embeddable":true,"href":"https:\/\/www.europesays.com\/fr\/wp-json\/wp\/v2\/users\/2"}],"replies":[{"embeddable":true,"href":"https:\/\/www.europesays.com\/fr\/wp-json\/wp\/v2\/comments?post=322916"}],"version-history":[{"count":0,"href":"https:\/\/www.europesays.com\/fr\/wp-json\/wp\/v2\/posts\/322916\/revisions"}],"wp:featuredmedia":[{"embeddable":true,"href":"https:\/\/www.europesays.com\/fr\/wp-json\/wp\/v2\/media\/322917"}],"wp:attachment":[{"href":"https:\/\/www.europesays.com\/fr\/wp-json\/wp\/v2\/media?parent=322916"}],"wp:term":[{"taxonomy":"category","embeddable":true,"href":"https:\/\/www.europesays.com\/fr\/wp-json\/wp\/v2\/categories?post=322916"},{"taxonomy":"post_tag","embeddable":true,"href":"https:\/\/www.europesays.com\/fr\/wp-json\/wp\/v2\/tags?post=322916"}],"curies":[{"name":"wp","href":"https:\/\/api.w.org\/{rel}","templated":true}]}}