{"id":322918,"date":"2025-08-16T12:49:11","date_gmt":"2025-08-16T12:49:11","guid":{"rendered":"https:\/\/www.europesays.com\/fr\/322918\/"},"modified":"2025-08-16T12:49:11","modified_gmt":"2025-08-16T12:49:11","slug":"lespagne-toujours-en-proie-aux-incendies-dans-louest-et-le-nord-ouest-du-pays","status":"publish","type":"post","link":"https:\/\/www.europesays.com\/fr\/322918\/","title":{"rendered":"L\u2019Espagne toujours en proie aux incendies dans l\u2019ouest et le nord-ouest du pays"},"content":{"rendered":"<p>                          <img loading=\"lazy\" decoding=\"async\" src=\"https:\/\/www.europesays.com\/fr\/wp-content\/uploads\/2025\/08\/3df390f_ftp-import-images-1-vtfmefzlcisk-2025-08-16t092612z-1780112720-rc248ganqs11-rtrmadp-3-europe.jpeg\" alt=\"Des pompiers s\u2019efforcent d\u2019\u00e9teindre un incendie de for\u00eat \u00e0 As Fermosas, dans la province d\u2019Orense, en Galice, Espagne, le 16\u00a0ao\u00fbt 2025.\"   width=\"664\" height=\"443\"\/>    Des pompiers s\u2019efforcent d\u2019\u00e9teindre un incendie de for\u00eat \u00e0 As Fermosas, dans la province d\u2019Orense, en Galice, Espagne, le 16\u00a0ao\u00fbt 2025.  NACHO DOCE\/REUTERS                        <\/p>\n<p class=\"article__paragraph  \">L\u2019Espagne, qui entre dans sa troisi\u00e8me semaine d\u2019alerte pour une vague de chaleur, n\u2019en finit pas de combattre les incendies qui se concentrent dans le nord-ouest et l\u2019ouest, o\u00f9 l\u2019arm\u00e9e a \u00e9t\u00e9 d\u00e9ploy\u00e9e pour aider \u00e0 combattre les flammes. La Castille-et-L\u00e9on, la Galice, les Asturies et l\u2019Estr\u00e9madure sont d\u00e9sormais les principaux foyers des feux de for\u00eat.<\/p>\n<p class=\"article__paragraph  \">Le premier ministre a particip\u00e9 samedi 16\u00a0ao\u00fbt \u00e0 \u00ab\u00a0une r\u00e9union de coordination sur les incendies\u00a0\u00bb afin d\u2019analyser leur \u00e9volution. \u00ab\u00a0Le gouvernement continue \u00e0 travailler pour lutter contre le feu avec tous les moyens \u00e0 sa disposition\u00a0\u00bb, a-t-il affirm\u00e9 sur son compte X.<\/p>\n<p class=\"article__paragraph  \">Selon les m\u00e9dias espagnols, Pedro Sanchez va se rendre dimanche sur les deux incendies d\u2019Orense, en Galice (16\u00a0000 hectares partis en fum\u00e9e selon les autorit\u00e9s locales), et celui de L\u00e9on \u2013 pr\u00e8s de 38\u00a0000 hectares selon la carte en temps r\u00e9el du Syst\u00e8me europ\u00e9en d\u2019information sur les incendies forestiers (Effis).<\/p>\n<p>                                     Lire aussi |  Article r\u00e9serv\u00e9 \u00e0 nos abonn\u00e9s  <a href=\"https:\/\/www.lemonde.fr\/planete\/article\/2025\/08\/14\/l-espagne-en-proie-a-de-violents-incendies-trois-personnes-sont-mortes-pres-de-60-000-hectares-devastes-en-une-semaine_6629068_3245.html\" class=\"js-article-read-also catcher--favoris__link\" data-premium=\"1\" id=\"article-title-3434381\" rel=\"nofollow noopener\" target=\"_blank\">L\u2019Espagne en proie \u00e0 de violents incendies\u00a0: trois personnes sont mortes, pr\u00e8s de 60\u00a0000\u00a0hectares d\u00e9vast\u00e9s en une semaine<\/a>    <\/p>\n<p>   Lire plus tard  <\/p>\n<p>                        Des demandes de renforts en Galice                  <\/p>\n<p class=\"article__paragraph  \">Une dizaine d\u2019axes routiers restent coup\u00e9s dans le pays, ainsi que la ligne de train entre Madrid et la Galice, en plein pont de l\u2019Assomption. Les secours en Galice ont envoy\u00e9 des messages d\u2019alerte sur les t\u00e9l\u00e9phones, invitant la population de plusieurs dizaines de localit\u00e9s \u00e0 se confiner\u00a0: \u00ab\u00a0Si vous recevez cette alerte\u00a0: gardez votre calme et lisez attentivement le texte (\u2026) Face \u00e0 la progression des incendies, \u00e9vitez tout d\u00e9placement inutile et restez chez vous. Si vous \u00eates \u00e0 l\u2019ext\u00e9rieur et que vous n\u2019avez nulle part o\u00f9 vous confiner, \u00e9loignez-vous des zones touch\u00e9es.\u00a0\u00bb<\/p>\n<p>                             <img loading=\"lazy\" decoding=\"async\" src=\"https:\/\/www.europesays.com\/fr\/wp-content\/uploads\/2025\/08\/1a22c47_ftp-import-images-1-7pb0osjc1rok-2025-08-16t102502z-590331293-rc2a8gaa7008-rtrmadp-3-europe-.jpeg\" alt=\"Une vue par drone montre de la v\u00e9g\u00e9tation br\u00fbl\u00e9e pr\u00e8s d\u2019une route, alors que des incendies de for\u00eat font rage dans la province d\u2019Ourense, en Galice, Espagne, le 16\u00a0ao\u00fbt 2025.\"   width=\"664\" height=\"443\"\/>    Une vue par drone montre de la v\u00e9g\u00e9tation br\u00fbl\u00e9e pr\u00e8s d\u2019une route, alors que des incendies de for\u00eat font rage dans la province d\u2019Ourense, en Galice, Espagne, le 16\u00a0ao\u00fbt 2025.  GUILLERMO MARTINEZ \/ REUTERS                        <\/p>\n<p class=\"article__paragraph  \">Pr\u00e8s de 3\u00a0500 militaires de l\u2019unit\u00e9 militaire d\u2019urgence (UME), appel\u00e9e \u00e0 la rescousse en cas de graves incendies, sont r\u00e9partis sur les diff\u00e9rents feux pr\u00e9occupants. La Galice, par la voix de son pr\u00e9sident r\u00e9gional, Alfonso Fernandez Ma\u00f1ueco, a demand\u00e9, \u00ab\u00a0face \u00e0 une situation exceptionnelle due aux conditions m\u00e9t\u00e9orologiques extr\u00eames et \u00e0 la multiplication des incendies, (\u2026) une r\u00e9ponse exceptionnelle\u00a0: en plus des unit\u00e9s r\u00e9gionales et de l\u2019UME, nous avons besoin de davantage d\u2019effectifs de l\u2019arm\u00e9e \u00e0 la disposition des r\u00e9gions\u00a0\u00bb.<\/p>\n<p>                                     Lire aussi |  Article r\u00e9serv\u00e9 \u00e0 nos abonn\u00e9s  <a href=\"https:\/\/www.lemonde.fr\/planete\/article\/2025\/08\/16\/changement-climatique-le-sud-de-l-europe-accable-par-les-flammes-et-une-chaleur-extreme_6630088_3244.html\" class=\"js-article-read-also catcher--favoris__link\" data-premium=\"1\" id=\"article-title-3434507\" rel=\"nofollow noopener\" target=\"_blank\">Changement climatique\u00a0: le sud de l\u2019Europe accabl\u00e9 par les flammes et une chaleur extr\u00eame<\/a>    <\/p>\n<p>   Lire plus tard  <\/p>\n<p>                        Le pays en alerte chaleur jusqu\u2019\u00e0 lundi                            <img loading=\"lazy\" decoding=\"async\" src=\"https:\/\/www.europesays.com\/fr\/wp-content\/uploads\/2025\/08\/88187e2_ftp-import-images-1-5c3igurcbl68-2025-08-16t102935z-742414494-rc268gaf1kje-rtrmadp-3-europe-.jpeg\" alt=\"De la fum\u00e9e s\u2019\u00e9l\u00e8ve d\u2019un incendie de for\u00eat pr\u00e8s d\u2019un cimeti\u00e8re \u00e0 As Fermosas, dans la province d\u2019Orense, en Galice, Espagne, le 16\u00a0ao\u00fbt 2025.\"   width=\"664\" height=\"443\"\/>    De la fum\u00e9e s\u2019\u00e9l\u00e8ve d\u2019un incendie de for\u00eat pr\u00e8s d\u2019un cimeti\u00e8re \u00e0 As Fermosas, dans la province d\u2019Orense, en Galice, Espagne, le 16\u00a0ao\u00fbt 2025.  NACHO DOCE \/ REUTERS                        <\/p>\n<p class=\"article__paragraph  \">L\u2019Estr\u00e9madure a \u00e9galement fait une demande officielle de renforts au gouvernement central, dans un pays o\u00f9 l\u2019extinction des incendies rel\u00e8ve en principe de la comp\u00e9tence des r\u00e9gions, le gouvernement central n\u2019intervenant qu\u2019en cas de sinistre de grande ampleur.<\/p>\n<p class=\"article__paragraph  \">La r\u00e9gion a aussi r\u00e9clam\u00e9 la r\u00e9activation du m\u00e9canisme europ\u00e9en de protection civile \u2013 qui avait permis l\u2019envoi par la France de deux Canadairs, depuis repartis \u2013, demandant 100 camions de pompiers, dix h\u00e9licopt\u00e8res l\u00e9gers et dix h\u00e9licopt\u00e8res amphibies.<\/p>\n<p class=\"article__paragraph  \"><a href=\"https:\/\/www.lemonde.fr\/international\/article\/2025\/08\/15\/toute-l-espagne-desormais-en-alerte-canicule-risque-d-incendie-tres-eleve-a-extreme-dans-une-grande-partie-du-pays_6629935_3210.html\" rel=\"nofollow noopener\" target=\"_blank\">L\u2019Espagne devrait rester en alerte chaleur jusqu\u2019\u00e0 lundi,<\/a> et ces temp\u00e9ratures extr\u00eames ont tr\u00e8s fortement augment\u00e9 le risque d\u2019incendies. Depuis le d\u00e9but de l\u2019ann\u00e9e, plus de 157\u00a0000 hectares y ont \u00e9t\u00e9 r\u00e9duits en cendres selon Effis.<\/p>\n<p>                                     Lire aussi |  Article r\u00e9serv\u00e9 \u00e0 nos abonn\u00e9s  <a href=\"https:\/\/www.lemonde.fr\/planete\/article\/2025\/08\/15\/cette-canicule-incarne-la-realite-du-rechauffement-climatique-et-aide-a-la-prise-de-conscience_6629926_3244.html\" class=\"js-article-read-also catcher--favoris__link\" data-premium=\"1\" id=\"article-title-3434492\" rel=\"nofollow noopener\" target=\"_blank\">\u00ab\u00a0Un enfant n\u00e9 en 2020 vit l\u2019\u00e9t\u00e9 2025 comme un \u00e9t\u00e9 br\u00fblant, mais le m\u00eame \u00e9t\u00e9 lui semblera normal une fois adulte\u00a0\u00bb<\/a>    <\/p>\n<p>   Lire plus tard  <\/p>\n<p class=\"author__detail\">  Le Monde avec AFP  <\/p>\n<p>                  <a href=\"https:\/\/www.lemonde.fr\/syndication\/\" class=\"reuse__content\" title=\"R\u00e9utiliser ce contenu\" target=\"_blank\" rel=\"nofollow noopener\">R\u00e9utiliser ce contenu<\/a>      <\/p>\n","protected":false},"excerpt":{"rendered":"Des pompiers s\u2019efforcent d\u2019\u00e9teindre un incendie de for\u00eat \u00e0 As Fermosas, dans la province d\u2019Orense, en Galice, Espagne,&hellip;\n","protected":false},"author":2,"featured_media":322919,"comment_status":"","ping_status":"","sticky":false,"template":"","format":"standard","meta":{"footnotes":""},"categories":[5],"tags":[11,1011,27,14,12,28],"class_list":{"0":"post-322918","1":"post","2":"type-post","3":"status-publish","4":"format-standard","5":"has-post-thumbnail","7":"category-international","8":"tag-actualites","9":"tag-fr","10":"tag-france","11":"tag-international","12":"tag-news","13":"tag-world"},"share_on_mastodon":{"url":"https:\/\/pubeurope.com\/@fr\/115038530172678362","error":""},"_links":{"self":[{"href":"https:\/\/www.europesays.com\/fr\/wp-json\/wp\/v2\/posts\/322918","targetHints":{"allow":["GET"]}}],"collection":[{"href":"https:\/\/www.europesays.com\/fr\/wp-json\/wp\/v2\/posts"}],"about":[{"href":"https:\/\/www.europesays.com\/fr\/wp-json\/wp\/v2\/types\/post"}],"author":[{"embeddable":true,"href":"https:\/\/www.europesays.com\/fr\/wp-json\/wp\/v2\/users\/2"}],"replies":[{"embeddable":true,"href":"https:\/\/www.europesays.com\/fr\/wp-json\/wp\/v2\/comments?post=322918"}],"version-history":[{"count":0,"href":"https:\/\/www.europesays.com\/fr\/wp-json\/wp\/v2\/posts\/322918\/revisions"}],"wp:featuredmedia":[{"embeddable":true,"href":"https:\/\/www.europesays.com\/fr\/wp-json\/wp\/v2\/media\/322919"}],"wp:attachment":[{"href":"https:\/\/www.europesays.com\/fr\/wp-json\/wp\/v2\/media?parent=322918"}],"wp:term":[{"taxonomy":"category","embeddable":true,"href":"https:\/\/www.europesays.com\/fr\/wp-json\/wp\/v2\/categories?post=322918"},{"taxonomy":"post_tag","embeddable":true,"href":"https:\/\/www.europesays.com\/fr\/wp-json\/wp\/v2\/tags?post=322918"}],"curies":[{"name":"wp","href":"https:\/\/api.w.org\/{rel}","templated":true}]}}