{"id":322926,"date":"2025-08-16T12:58:39","date_gmt":"2025-08-16T12:58:39","guid":{"rendered":"https:\/\/www.europesays.com\/fr\/322926\/"},"modified":"2025-08-16T12:58:39","modified_gmt":"2025-08-16T12:58:39","slug":"la-petite-sirene-opera-hors-les-murs","status":"publish","type":"post","link":"https:\/\/www.europesays.com\/fr\/322926\/","title":{"rendered":"La Petite Sir\u00e8ne &#8211; Op\u00e9ra Hors les murs"},"content":{"rendered":"<p>On dit de la musique de R\u00e9gis Campo, laur\u00e9at des derni\u00e8res Victoires de la musique classique : elle est ludique, color\u00e9e, rythm\u00e9e, distillant humour et joie\u2026 des qualit\u00e9s prodigieuses pour aborder le monde onirique des contes et l\u2019op\u00e9ra f\u00e9\u00e9rique.\u00a0<\/p>\n<p>Comme celle d\u2019Andersen, sa Petite Sir\u00e8ne n\u2019en pose pas moins la question douloureuse : pour se faire aimer, faut-il renoncer \u00e0 ce que l\u2019on est ? Et de se demander comment le prince peut s\u2019\u00e9prendre de la sir\u00e8ne si elle n\u2019a plus sa voix propre ?\u00a0<\/p>\n<p>Ondine d\u2019aujourd\u2019hui, une adolescente va faire la travers\u00e9e des apparences, \u00e0 la d\u00e9couverte du monde des humains.<\/p>\n<p>Op\u00e9ra f\u00e9\u00e9rique\u00a0<\/p>\n<p>Musique et livret de R\u00e9gis Campo d\u2019apr\u00e8s le conte de Hans Christian Andersen\u00a0<\/p>\n<p>Cr\u00e9ation : Op\u00e9ra Nice C\u00f4te d\u2019Azur, 9 mars 2024\u00a0<\/p>\n<p>Chant\u00e9 en fran\u00e7ais, surtitr\u00e9 en fran\u00e7ais.<\/p>\n","protected":false},"excerpt":{"rendered":"On dit de la musique de R\u00e9gis Campo, laur\u00e9at des derni\u00e8res Victoires de la musique classique : elle&hellip;\n","protected":false},"author":2,"featured_media":322927,"comment_status":"","ping_status":"","sticky":false,"template":"","format":"standard","meta":{"footnotes":""},"categories":[9619],"tags":[1111,11,1777,674,1011,27,12,882,25,2310],"class_list":{"0":"post-322926","1":"post","2":"type-post","3":"status-publish","4":"format-standard","5":"has-post-thumbnail","7":"category-toulon","8":"tag-actu","9":"tag-actualites","10":"tag-eu","11":"tag-europe","12":"tag-fr","13":"tag-france","14":"tag-news","15":"tag-provence-alpes-cote-dazur","16":"tag-republique-francaise","17":"tag-toulon"},"share_on_mastodon":{"url":"https:\/\/pubeurope.com\/@fr\/115038565395944369","error":""},"_links":{"self":[{"href":"https:\/\/www.europesays.com\/fr\/wp-json\/wp\/v2\/posts\/322926","targetHints":{"allow":["GET"]}}],"collection":[{"href":"https:\/\/www.europesays.com\/fr\/wp-json\/wp\/v2\/posts"}],"about":[{"href":"https:\/\/www.europesays.com\/fr\/wp-json\/wp\/v2\/types\/post"}],"author":[{"embeddable":true,"href":"https:\/\/www.europesays.com\/fr\/wp-json\/wp\/v2\/users\/2"}],"replies":[{"embeddable":true,"href":"https:\/\/www.europesays.com\/fr\/wp-json\/wp\/v2\/comments?post=322926"}],"version-history":[{"count":0,"href":"https:\/\/www.europesays.com\/fr\/wp-json\/wp\/v2\/posts\/322926\/revisions"}],"wp:featuredmedia":[{"embeddable":true,"href":"https:\/\/www.europesays.com\/fr\/wp-json\/wp\/v2\/media\/322927"}],"wp:attachment":[{"href":"https:\/\/www.europesays.com\/fr\/wp-json\/wp\/v2\/media?parent=322926"}],"wp:term":[{"taxonomy":"category","embeddable":true,"href":"https:\/\/www.europesays.com\/fr\/wp-json\/wp\/v2\/categories?post=322926"},{"taxonomy":"post_tag","embeddable":true,"href":"https:\/\/www.europesays.com\/fr\/wp-json\/wp\/v2\/tags?post=322926"}],"curies":[{"name":"wp","href":"https:\/\/api.w.org\/{rel}","templated":true}]}}