{"id":322930,"date":"2025-08-16T13:00:39","date_gmt":"2025-08-16T13:00:39","guid":{"rendered":"https:\/\/www.europesays.com\/fr\/322930\/"},"modified":"2025-08-16T13:00:39","modified_gmt":"2025-08-16T13:00:39","slug":"moins-celebre-que-montpellier-cette-cite-medievale-languedocienne-seduit-les-amateurs-dhistoire","status":"publish","type":"post","link":"https:\/\/www.europesays.com\/fr\/322930\/","title":{"rendered":"Moins c\u00e9l\u00e8bre que Montpellier, cette cit\u00e9 m\u00e9di\u00e9vale languedocienne s\u00e9duit les amateurs d\u2019histoire"},"content":{"rendered":"<p><strong>Nich\u00e9e au c\u0153ur du Languedoc, P\u00e9zenas \u00e9merge comme un joyau m\u00e9di\u00e9val pr\u00e9serv\u00e9 des foules touristiques qui envahissent sa voisine Montpellier. Avec ses ruelles pav\u00e9es et ses h\u00f4tels particuliers, cette cit\u00e9 historique offre aux passionn\u00e9s d\u2019histoire un voyage authentique dans le temps. Je t\u2019invite \u00e0 d\u00e9couvrir pourquoi cette perle languedocienne m\u00e9rite amplement le d\u00e9tour.<\/strong><\/p>\n<p>P\u00e9zenas, l\u2019\u00e9crin m\u00e9di\u00e9val pr\u00e9serv\u00e9 du Languedoc<\/p>\n<p>D\u00e8s mes premiers pas dans les ruelles sinueuses de P\u00e9zenas, j\u2019ai \u00e9t\u00e9 saisi par l\u2019atmosph\u00e8re particuli\u00e8re qui r\u00e8gne ici. Contrairement \u00e0 sa c\u00e9l\u00e8bre voisine <a href=\"https:\/\/www.newsofmarseille.com\/decouvrez-carcassonne-guide-complet-pour-visiter-la-cite-medievale-et-ses-secrets-0058392024.html\" target=\"_blank\" rel=\"noopener\">Carcassonne<\/a>, P\u00e9zenas cultive une discr\u00e9tion qui fait tout son charme. Cette ancienne capitale des \u00c9tats du Languedoc s\u2019\u00e9panouit loin des circuits touristiques satur\u00e9s.<\/p>\n<p>Les fa\u00e7ades des h\u00f4tels particuliers du XVIIe si\u00e8cle racontent \u00e0 elles seules l\u2019\u00e2ge d\u2019or de cette cit\u00e9. Je m\u2019\u00e9merveille devant les portes monumentales orn\u00e9es de mascarons et de sculptures d\u00e9licates. La pierre dor\u00e9e des b\u00e2timents capture la lumi\u00e8re m\u00e9ridionale et conf\u00e8re \u00e0 l\u2019ensemble une chaleur unique.<\/p>\n<p>L\u2019architecture civile de P\u00e9zenas t\u00e9moigne d\u2019une prosp\u00e9rit\u00e9 ancienne. Les riches familles marchandes et la noblesse locale ont rivalis\u00e9 d\u2019\u00e9l\u00e9gance pour \u00e9riger ces demeures d\u2019exception. L\u2019h\u00f4tel de Lacoste, l\u2019h\u00f4tel d\u2019Alfonce ou encore l\u2019h\u00f4tel de Graves sont autant de t\u00e9moins de cette p\u00e9riode faste.<\/p>\n<p>Lorsque tu fl\u00e2nes dans le centre historique, tu croises in\u00e9vitablement des artisans d\u2019art qui perp\u00e9tuent des savoir-faire ancestraux. \u00c9b\u00e9nistes, ferronniers, c\u00e9ramistes et verriers ont investi les anciennes \u00e9choppes, insufflant une \u00e9nergie cr\u00e9ative qui contraste avec la qui\u00e9tude des vieilles pierres.<\/p>\n<p>Sur les traces de Moli\u00e8re et des illustres personnages<\/p>\n<p>Si P\u00e9zenas r\u00e9sonne d\u2019une aura particuli\u00e8re dans l\u2019histoire fran\u00e7aise, c\u2019est aussi gr\u00e2ce \u00e0 son lien privil\u00e9gi\u00e9 avec Jean-Baptiste Poquelin, dit Moli\u00e8re. Je me plais \u00e0 imaginer le dramaturge d\u00e9ambulant dans ces m\u00eames rues au milieu du XVIIe si\u00e8cle, puisant son inspiration au contact des Pisc\u00e9nois.<\/p>\n<p>Entre 1650 et 1657, la troupe de Moli\u00e8re s\u00e9journa r\u00e9guli\u00e8rement \u00e0 P\u00e9zenas sous la protection du prince de Conti. Le fauteuil dit \u00ab\u00a0de Moli\u00e8re\u00a0\u00bb, conserv\u00e9 pr\u00e9cieusement \u00e0 la maison consulaire, constitue un v\u00e9ritable lieu de p\u00e8lerinage pour les amateurs de th\u00e9\u00e2tre. La tradition raconte que l\u2019\u00e9crivain s\u2019y installait chez le barbier G\u00e9ly pour observer les clients et s\u2019inspirer de leurs mani\u00e8res.<\/p>\n<p>L\u2019esprit de Moli\u00e8re plane encore sur la ville, notamment \u00e0 travers les nombreuses manifestations culturelles qui lui rendent hommage. Le Printival Boby Lapointe et les Estivales int\u00e8grent r\u00e9guli\u00e8rement des repr\u00e9sentations des \u0153uvres du grand dramaturge, dans les cours des h\u00f4tels particuliers ou sur la place du march\u00e9.<\/p>\n<p>Mais Moli\u00e8re n\u2019est pas le seul illustre personnage \u00e0 avoir marqu\u00e9 l\u2019histoire de P\u00e9zenas. Je d\u00e9couvre que le po\u00e8te et chanteur Boby Lapointe, enfant du pays, a \u00e9galement contribu\u00e9 \u00e0 la renomm\u00e9e de cette cit\u00e9 languedocienne. Sa verve et son humour d\u00e9cal\u00e9 r\u00e9sonnent encore dans les cabarets et les caf\u00e9s de la ville.<\/p>\n<p><a href=\"https:\/\/www.present.fr\/vivre-bali-guide-complet-sexpatrier-france-conseils-pratiques-partir\/\" target=\"_blank\" rel=\"noopener\"><br \/>\n  <img loading=\"lazy\" decoding=\"async\" width=\"1298\" height=\"560\" src=\"data:image\/svg+xml,%3Csvg%20xmlns=\" http:=\"\" alt=\"Vivre \u00e0 Bali\" style=\"width:100%; height:auto;\" data-lazy-src=\"https:\/\/www.europesays.com\/fr\/wp-content\/uploads\/2025\/07\/Design-sans-titre-2025-06-23T141323.113.jpg\"\/><br \/>\n<\/a><\/p>\n<p>Les tr\u00e9sors cach\u00e9s d\u2019une cit\u00e9 historique exceptionnelle<\/p>\n<p>Au-del\u00e0 de son impressionnant patrimoine architectural, P\u00e9zenas abrite des tr\u00e9sors moins connus que je prends plaisir \u00e0 d\u00e9busquer. La coll\u00e9giale Saint-Jean, avec son imposante fa\u00e7ade classique, surprend par la richesse de ses d\u00e9cors int\u00e9rieurs et son orgue monumental du XVIIIe si\u00e8cle.<\/p>\n<p>Les amateurs d\u2019histoire juive d\u00e9couvriront avec int\u00e9r\u00eat le quartier de la Juiverie, t\u00e9moin d\u2019une communaut\u00e9 florissante au Moyen \u00c2ge. Quelques vestiges discrets comme des m\u00e9zouzas et des inscriptions h\u00e9bra\u00efques r\u00e9v\u00e8lent ce pass\u00e9 souvent m\u00e9connu.<\/p>\n<p>Je te conseille de pousser les portes des cours int\u00e9rieures, v\u00e9ritables \u00e9crins de verdure et de fra\u00eecheur. Certaines abritent des escaliers monumentaux \u00e0 vis, des galeries \u00e0 arcades ou des puits ornement\u00e9s d\u2019une finesse remarquable. Ces espaces priv\u00e9s s\u2019ouvrent exceptionnellement lors des journ\u00e9es du patrimoine.<\/p>\n<p>Pour les gourmets, le march\u00e9 traditionnel du samedi matin constitue une \u00e9tape incontournable. J\u2019y d\u00e9guste les fameuses \u00ab\u00a0petits p\u00e2t\u00e9s de P\u00e9zenas\u00a0\u00bb, ces curieuses p\u00e2tisseries sucr\u00e9es-sal\u00e9es dont la recette aurait \u00e9t\u00e9 rapport\u00e9e d\u2019Inde par Lord Clive, un officier britannique. La l\u00e9gende ajoute encore au myst\u00e8re de cette cit\u00e9 pleine de surprises.<\/p>\n<p>Un patrimoine vivant qui s\u00e9duit les passionn\u00e9s d\u2019histoire<\/p>\n<p>Ce qui m\u2019a particuli\u00e8rement frapp\u00e9 \u00e0 P\u00e9zenas, c\u2019est la mani\u00e8re dont le patrimoine reste vivant. Contrairement \u00e0 certaines cit\u00e9s historiques fig\u00e9es dans le temps, ici l\u2019histoire continue de s\u2019\u00e9crire. Les habitants ont su pr\u00e9server l\u2019authenticit\u00e9 des lieux tout en les adaptant \u00e0 la vie contemporaine.<\/p>\n<p>Les ateliers-boutiques des artisans d\u2019art ne se contentent pas de reproduire des techniques anciennes. Ils les r\u00e9inventent, les modernisent et cr\u00e9ent des pi\u00e8ces uniques qui dialoguent avec le patrimoine. Cette dynamique cr\u00e9ative insuffle une \u00e9nergie particuli\u00e8re \u00e0 la ville.<\/p>\n<p>Je te recommande vivement de visiter P\u00e9zenas lors des Nuits Buissonni\u00e8res, quand la ville s\u2019anime de spectacles de rue, de concerts et d\u2019expositions. Les fa\u00e7ades des h\u00f4tels particuliers servent alors d\u2019\u00e9crin \u00e0 des projections lumineuses qui r\u00e9v\u00e8lent autrement leur beaut\u00e9.<\/p>\n<p>Moins fr\u00e9quent\u00e9e que les grands sites touristiques du Languedoc, P\u00e9zenas offre le luxe d\u2019une d\u00e9couverte \u00e0 ton rythme, sans foule ni pr\u00e9cipitation. Cette tranquillit\u00e9 relative permet d\u2019appr\u00e9cier pleinement la richesse historique de cette cit\u00e9 languedocienne qui continue, si\u00e8cle apr\u00e8s si\u00e8cle, de s\u00e9duire les amoureux d\u2019histoire et d\u2019authenticit\u00e9.<\/p>\n<p><img loading=\"lazy\" decoding=\"async\" width=\"150\" height=\"150\" src=\"data:image\/svg+xml,%3Csvg%20xmlns=\" http:=\"\" class=\"attachment-150x150 size-150x150\" alt=\"\" itemprop=\"image\" data-lazy- data-lazy- data-lazy-src=\"https:\/\/www.europesays.com\/fr\/wp-content\/uploads\/2025\/04\/im6-150x150.png\"\/><\/p>\n<p>Salut \u00e0 tous, je suis Eglantine. D\u00e9couvrez mes articles sur le voyage \u00e0 travers mes conseils, astuces et lieux pr\u00e9f\u00e9r\u00e9s en exclusivit\u00e9 sur News Of Marseille.<br \/>R\u00e9dactrice de coeur, je vous guide \u00e0 travers mes \u00e9crits pour vous transmettre mon expertise sur l&rsquo;aventure du voyage. Et \u00e9videmment, allez l&rsquo;OM \ud83d\ude09<\/p>\n<p>Partagez l&rsquo;article ou suivez nous !<\/p>\n<p>\n\tNos images sont \u00e0 but illustratif et peuvent ne pas repr\u00e9senter la r\u00e9alit\u00e9<\/p>\n","protected":false},"excerpt":{"rendered":"Nich\u00e9e au c\u0153ur du Languedoc, P\u00e9zenas \u00e9merge comme un joyau m\u00e9di\u00e9val pr\u00e9serv\u00e9 des foules touristiques qui envahissent sa&hellip;\n","protected":false},"author":2,"featured_media":322931,"comment_status":"","ping_status":"","sticky":false,"template":"","format":"standard","meta":{"footnotes":""},"categories":[9599],"tags":[31926,43352,1111,11,1777,674,1011,27,2208,12,2680,11687,31474,25],"class_list":{"0":"post-322930","1":"post","2":"type-post","3":"status-publish","4":"format-standard","5":"has-post-thumbnail","7":"category-montpellier","8":"tag-charme-medieval","9":"tag-histoire-authentique","10":"tag-actu","11":"tag-actualites","12":"tag-eu","13":"tag-europe","14":"tag-fr","15":"tag-france","16":"tag-montpellier","17":"tag-news","18":"tag-occitanie","19":"tag-patrimoine-historique","20":"tag-patrimoine-preserve","21":"tag-republique-francaise"},"share_on_mastodon":{"url":"https:\/\/pubeurope.com\/@fr\/115038573198202613","error":""},"_links":{"self":[{"href":"https:\/\/www.europesays.com\/fr\/wp-json\/wp\/v2\/posts\/322930","targetHints":{"allow":["GET"]}}],"collection":[{"href":"https:\/\/www.europesays.com\/fr\/wp-json\/wp\/v2\/posts"}],"about":[{"href":"https:\/\/www.europesays.com\/fr\/wp-json\/wp\/v2\/types\/post"}],"author":[{"embeddable":true,"href":"https:\/\/www.europesays.com\/fr\/wp-json\/wp\/v2\/users\/2"}],"replies":[{"embeddable":true,"href":"https:\/\/www.europesays.com\/fr\/wp-json\/wp\/v2\/comments?post=322930"}],"version-history":[{"count":0,"href":"https:\/\/www.europesays.com\/fr\/wp-json\/wp\/v2\/posts\/322930\/revisions"}],"wp:featuredmedia":[{"embeddable":true,"href":"https:\/\/www.europesays.com\/fr\/wp-json\/wp\/v2\/media\/322931"}],"wp:attachment":[{"href":"https:\/\/www.europesays.com\/fr\/wp-json\/wp\/v2\/media?parent=322930"}],"wp:term":[{"taxonomy":"category","embeddable":true,"href":"https:\/\/www.europesays.com\/fr\/wp-json\/wp\/v2\/categories?post=322930"},{"taxonomy":"post_tag","embeddable":true,"href":"https:\/\/www.europesays.com\/fr\/wp-json\/wp\/v2\/tags?post=322930"}],"curies":[{"name":"wp","href":"https:\/\/api.w.org\/{rel}","templated":true}]}}