{"id":322934,"date":"2025-08-16T13:06:10","date_gmt":"2025-08-16T13:06:10","guid":{"rendered":"https:\/\/www.europesays.com\/fr\/322934\/"},"modified":"2025-08-16T13:06:10","modified_gmt":"2025-08-16T13:06:10","slug":"ligue-2-revivez-les-deux-buts-de-la-rencontre-grenoble-laval-avec-les-commentaires-dici-mayenne","status":"publish","type":"post","link":"https:\/\/www.europesays.com\/fr\/322934\/","title":{"rendered":"Ligue 2 : revivez les deux buts de la rencontre Grenoble \/ Laval avec les commentaires d&rsquo;ICI Mayenne"},"content":{"rendered":"<p>Le Stade Lavallois est all\u00e9 faire match nul (1-1) \u00e0 Grenoble vendredi 15 ao\u00fbt lors de la 2e journ\u00e9e de Ligue 2. Les Tango ont ouvert le score en deuxi\u00e8me p\u00e9riode avant de voir les Grenoblois \u00e9galiser. C&rsquo;est le deuxi\u00e8me r\u00e9sultat nul des Lavallois en deux rencontres.<\/p>\n<p>Le Stade Lavallois est toujours \u00e0 la recherche de sa premi\u00e8re victoire de la saison en Ligue 2. Vendredi soir, les Tango sont all\u00e9s faire\u00a0<a class=\"IciLink ici-link IciArticleLink g-ici-body-regular-1 underline brand svelte-lu7k6w\" href=\"https:\/\/www.francebleu.fr\/sports\/football\/direct-ligue-2-j2-ecoutez-grenoble-laval-match-a-suivre-en-integralite-sur-ici-mayenne-2307168\" rel=\"nofollow noopener\" target=\"_blank\">match nul (1-1) \u00e0 Grenoble<\/a>\u00a0lors de la 2e journ\u00e9e. Les Tango ont ouvert le score en deuxi\u00e8me p\u00e9riode gr\u00e2ce \u00e0 Titouan Thomas. C&rsquo;est l&rsquo;attaquant Elphege qui a \u00e9galis\u00e9 pour les Grenoblois \u00e0 douze minutes de la fin.<\/p>\n<p>Le week-end prochain, le Stade Lavallois se d\u00e9placera de nouveau, \u00e0 Rodez pour le compte de la 3e journ\u00e9e de Ligue 2.<\/p>\n","protected":false},"excerpt":{"rendered":"Le Stade Lavallois est all\u00e9 faire match nul (1-1) \u00e0 Grenoble vendredi 15 ao\u00fbt lors de la 2e&hellip;\n","protected":false},"author":2,"featured_media":322935,"comment_status":"","ping_status":"","sticky":false,"template":"","format":"standard","meta":{"footnotes":""},"categories":[9566],"tags":[1111,11,2430,1777,674,1011,27,2731,12,25],"class_list":{"0":"post-322934","1":"post","2":"type-post","3":"status-publish","4":"format-standard","5":"has-post-thumbnail","7":"category-grenoble","8":"tag-actu","9":"tag-actualites","10":"tag-auvergne-rhone-alpes","11":"tag-eu","12":"tag-europe","13":"tag-fr","14":"tag-france","15":"tag-grenoble","16":"tag-news","17":"tag-republique-francaise"},"share_on_mastodon":{"url":"https:\/\/pubeurope.com\/@fr\/115038596851411143","error":""},"_links":{"self":[{"href":"https:\/\/www.europesays.com\/fr\/wp-json\/wp\/v2\/posts\/322934","targetHints":{"allow":["GET"]}}],"collection":[{"href":"https:\/\/www.europesays.com\/fr\/wp-json\/wp\/v2\/posts"}],"about":[{"href":"https:\/\/www.europesays.com\/fr\/wp-json\/wp\/v2\/types\/post"}],"author":[{"embeddable":true,"href":"https:\/\/www.europesays.com\/fr\/wp-json\/wp\/v2\/users\/2"}],"replies":[{"embeddable":true,"href":"https:\/\/www.europesays.com\/fr\/wp-json\/wp\/v2\/comments?post=322934"}],"version-history":[{"count":0,"href":"https:\/\/www.europesays.com\/fr\/wp-json\/wp\/v2\/posts\/322934\/revisions"}],"wp:featuredmedia":[{"embeddable":true,"href":"https:\/\/www.europesays.com\/fr\/wp-json\/wp\/v2\/media\/322935"}],"wp:attachment":[{"href":"https:\/\/www.europesays.com\/fr\/wp-json\/wp\/v2\/media?parent=322934"}],"wp:term":[{"taxonomy":"category","embeddable":true,"href":"https:\/\/www.europesays.com\/fr\/wp-json\/wp\/v2\/categories?post=322934"},{"taxonomy":"post_tag","embeddable":true,"href":"https:\/\/www.europesays.com\/fr\/wp-json\/wp\/v2\/tags?post=322934"}],"curies":[{"name":"wp","href":"https:\/\/api.w.org\/{rel}","templated":true}]}}