{"id":322938,"date":"2025-08-16T13:08:09","date_gmt":"2025-08-16T13:08:09","guid":{"rendered":"https:\/\/www.europesays.com\/fr\/322938\/"},"modified":"2025-08-16T13:08:09","modified_gmt":"2025-08-16T13:08:09","slug":"ca-a-deja-chauffe-dans-le-vestiaire-marseillais-apres-la-defaite","status":"publish","type":"post","link":"https:\/\/www.europesays.com\/fr\/322938\/","title":{"rendered":"\u00c7a a (d\u00e9j\u00e0) chauff\u00e9 dans le vestiaire marseillais apr\u00e8s la d\u00e9faite"},"content":{"rendered":"<p>Selon les informations de RMC Sport, l\u2019apr\u00e8s match a \u00e9t\u00e9 tr\u00e8s tendu dans le vestiaire marseillais vendredi soir \u00e0 Rennes, apr\u00e8s la d\u00e9faite de l\u2019OM. Les leaders ont cri\u00e9 fort et un coup de chaud a\u00a0notamment oppos\u00e9 Adrien Rabiot \u00e0 Jonathan Rowe.<\/p>\n<p>Il y a du caract\u00e8re dans le staff et le vestiaire de l\u2019OM, et cela se ressent logiquement quand la frustration d\u2019une d\u00e9faite et d\u2019une prestation manqu\u00e9e est au rendez-vous. L\u2019adr\u00e9naline d\u2019un premier match, la chaleur d&rsquo;un soir d&rsquo;\u00e9t\u00e9, la tension nerveuse d\u2019une d\u00e9faite, des tauliers sans filtre qui pr\u00e9f\u00e8rent dire les termes plut\u00f4t que se taire, et quelques attitudes qui ont d\u00e9plu: le cocktail a laiss\u00e9 place \u00e0 des frictions dans le vestiaire, selon nos informations.\u00a0<\/p>\n<p>Beaucoup de t\u00e9moins racontent \u00e0 RMC Sport une ambiance tr\u00e8s tendue vendredi soir, et des joueurs enrag\u00e9s d&rsquo;avoir montr\u00e9 ce visage, \u00e0 onze contre dix et apr\u00e8s les belles promesses de l&rsquo;intersaison.<\/p>\n<p>Au-del\u00e0 d&rsquo;un coup de gueule de Roberto De Zerbi, qui a rappel\u00e9 \u00e0 son groupe que les valeurs d&rsquo;humilit\u00e9 et de don de soi sont non n\u00e9gociables avec lui et quand on joue pour l&rsquo;OM, chaque leader ou presque a hauss\u00e9 le ton. Geronimo Rulli, L\u00e9o Balerdi, et Pierre-Emile Hojbjerg ont cri\u00e9 fort, en espagnol, en anglais ou en fran\u00e7ais: \u00ab\u00a0On n&rsquo;a pas le droit de faire ce match\u00a0\u00bb, \u00ab\u00a0Faut se bouger\u00a0\u00bb, \u00ab\u00a0On ne respecte pas tout ce qu&rsquo;on a mis en place\u00a0\u00bb.\u00a0<\/p>\n<p>Altercation entre Rabiot et Rowe\u00a0<\/p>\n<p>\u00ab\u00a0RDZ\u00a0\u00bb a d&rsquo;ailleurs laiss\u00e9 les joueurs s&rsquo;\u00e9charper et se dire certaines v\u00e9rit\u00e9s pour crever l&rsquo;abc\u00e8s. Avant de prendre la parole dans un second temps et aussi avec fermet\u00e9. C&rsquo;est au moment du discours du coach italien accompagn\u00e9 du directeur du foot Medhi Benatia que le calme est revenu, apr\u00e8s une vraie p\u00e9riode de secousses.\u00a0<\/p>\n<p>Au c\u0153ur des tensions, un joueur en a pris pour son grade, ou s&rsquo;est senti vis\u00e9 par les critiques: Jonathan Rowe. L&rsquo;ailier anglais s&rsquo;est retrouv\u00e9 au c\u0153ur de la m\u00eal\u00e9e, dans un \u00e9tat second, r\u00e9torquant en anglais qu&rsquo;il n&rsquo;acceptait pas d&rsquo;\u00eatre accus\u00e9 de ne pas avoir fait suffisamment d&rsquo;efforts.<\/p>\n<p>La tension \u00e9tait maximale quand Rowe et Rabiot se sont rapproch\u00e9 et frictionn\u00e9 verbalement, sans en venir aux mains assurent plusieurs sources. Un \u00e9pisode qui pourrait avoir des cons\u00e9quences tout de m\u00eame sur l&rsquo;avenir de Rowe, souvent cit\u00e9 comme l&rsquo;Olympien le plus susceptible d&rsquo;\u00eatre vendu en cette fin de mercato. L&rsquo;ambiance \u00e9tait donc pesante et morose dans l&rsquo;avion du retour.\u00a0<\/p>\n<p>A froid, ce samedi, le groupe olympien assume ce coup de chaud et veut y voir le signe d&rsquo;un vestiaire qui ne supporte pas la d\u00e9faite. La suite dira si ces frictions sont inqui\u00e9tantes si t\u00f4t dans la saison ou si elles engendreront une prise de conscience imm\u00e9diate.\u00a0<\/p>\n<p>Florent Germain et Fabrice Hawkins<\/p>\n","protected":false},"excerpt":{"rendered":"Selon les informations de RMC Sport, l\u2019apr\u00e8s match a \u00e9t\u00e9 tr\u00e8s tendu dans le vestiaire marseillais vendredi soir&hellip;\n","protected":false},"author":2,"featured_media":322939,"comment_status":"","ping_status":"","sticky":false,"template":"","format":"standard","meta":{"footnotes":""},"categories":[2821],"tags":[1111,11,829,1777,674,1011,27,12,584,25],"class_list":{"0":"post-322938","1":"post","2":"type-post","3":"status-publish","4":"format-standard","5":"has-post-thumbnail","7":"category-rennes","8":"tag-actu","9":"tag-actualites","10":"tag-bretagne","11":"tag-eu","12":"tag-europe","13":"tag-fr","14":"tag-france","15":"tag-news","16":"tag-rennes","17":"tag-republique-francaise"},"share_on_mastodon":{"url":"https:\/\/pubeurope.com\/@fr\/115038604636257998","error":""},"_links":{"self":[{"href":"https:\/\/www.europesays.com\/fr\/wp-json\/wp\/v2\/posts\/322938","targetHints":{"allow":["GET"]}}],"collection":[{"href":"https:\/\/www.europesays.com\/fr\/wp-json\/wp\/v2\/posts"}],"about":[{"href":"https:\/\/www.europesays.com\/fr\/wp-json\/wp\/v2\/types\/post"}],"author":[{"embeddable":true,"href":"https:\/\/www.europesays.com\/fr\/wp-json\/wp\/v2\/users\/2"}],"replies":[{"embeddable":true,"href":"https:\/\/www.europesays.com\/fr\/wp-json\/wp\/v2\/comments?post=322938"}],"version-history":[{"count":0,"href":"https:\/\/www.europesays.com\/fr\/wp-json\/wp\/v2\/posts\/322938\/revisions"}],"wp:featuredmedia":[{"embeddable":true,"href":"https:\/\/www.europesays.com\/fr\/wp-json\/wp\/v2\/media\/322939"}],"wp:attachment":[{"href":"https:\/\/www.europesays.com\/fr\/wp-json\/wp\/v2\/media?parent=322938"}],"wp:term":[{"taxonomy":"category","embeddable":true,"href":"https:\/\/www.europesays.com\/fr\/wp-json\/wp\/v2\/categories?post=322938"},{"taxonomy":"post_tag","embeddable":true,"href":"https:\/\/www.europesays.com\/fr\/wp-json\/wp\/v2\/tags?post=322938"}],"curies":[{"name":"wp","href":"https:\/\/api.w.org\/{rel}","templated":true}]}}