{"id":322942,"date":"2025-08-16T13:11:14","date_gmt":"2025-08-16T13:11:14","guid":{"rendered":"https:\/\/www.europesays.com\/fr\/322942\/"},"modified":"2025-08-16T13:11:14","modified_gmt":"2025-08-16T13:11:14","slug":"homme-libre-toujours-tu-cheriras-la-mer","status":"publish","type":"post","link":"https:\/\/www.europesays.com\/fr\/322942\/","title":{"rendered":"Homme libre, toujours tu ch\u00e9riras la mer\u2026"},"content":{"rendered":"<p>                    <img loading=\"lazy\" decoding=\"async\" src=\"https:\/\/www.europesays.com\/fr\/wp-content\/uploads\/2025\/08\/0c27e8d9ce8ab30002aafb2576c6ae.jpg\" class=\"img-responsive post-image\" width=\"680\" height=\"510\" alt=\"Homme libre, toujours (\u2026)\" title=\"Homme libre, toujours tu ch\u00e9riras la mer\u2026\"\/><\/p>\n<p class=\"chapo\">En visitant l\u2019exposition \u00ab\u00a0L\u2019Oc\u00e9an de L\u00e9a\u00a0\u00bb, les amateurs feront coup double en d\u00e9couvrant l\u2019\u0153uvre de papier du ma\u00eetre origamiste Junior Fritz Jacquet et le nouveau centre des congr\u00e8s \u00ab\u00a0Oc\u00e9anice\u00a0\u00bb construit sur le port, quai Amiral Infernet, pour y recevoir le r\u00e9cent sommet de l\u2019UNOC. Son immense salle, d\u00e9sormais d\u00e9volue aux \u00e9v\u00e9nements professionnels et artistiques, propose une \u00ab\u00a0plong\u00e9e\u00a0\u00bb dans les fonds marins oniriques imagin\u00e9s par cet artiste qui travaille savamment le papier en lui donnant l\u2019apparence des cr\u00e9atures vivant dans les mers.<\/p>\n<p>Une \u00ab\u00a0exp\u00e9rience immersive\u00a0\u00bb faisant appel \u00e0 nos sens, destin\u00e9e \u00e0 sensibiliser le public \u00e0 la fragilit\u00e9 de l\u2019environnement, \u00e0 la n\u00e9cessaire protection des fonds marins, indispensables \u00e0 ceux-l\u00e0 m\u00eames qui les mettent en danger par leurs activit\u00e9s fr\u00e9n\u00e9tiques\u00a0: (sur)p\u00eache, (sur)exploitation de gisements d\u2019or noir ou de min\u00e9raux, et (sur)pollutions diverses, \u00e0 commencer par le rejet de nos eaux us\u00e9es, etc.<\/p>\n<p>Sensibiliser par la po\u00e9sie<\/p>\n<p>\u00ab\u00a0 Dans ce lieu, je veux que les personnes qui d\u00e9ambulent puissent \u201cdescendre\u201d aussi profond que possible, hors du temps, avec des passerelles vers l\u2019imaginaire\u00a0\u00bb, explique l\u2019artiste. Le visiteur a effectivement l\u2019impression de plonger au milieu de cr\u00e9atures color\u00e9es et \u00e9tranges. <strong>Junior Fritz Jacquet <\/strong> nous interpelle en douceur, par la po\u00e9sie. On retrouve son travail dans des galeries d\u2019art, dans des d\u00e9cors de lieux comme l\u2019h\u00f4tel George V \u00e0 Paris, ou avec des objets usuels et d\u00e9coratifs comme ses lampes lumineuses.<\/p>\n<p>\u00c0 la sortie de cette exposition, le r\u00eave d\u2019un monde plus doux et plus respectueux de la nature se heurte aussit\u00f4t \u00e0 une r\u00e9alit\u00e9 plus prosa\u00efque\u00a0: la pr\u00e9sence, \u00e0 quelques m\u00e8tres, juste devant le parvis du palais \u00ab\u00a0Oc\u00e9anice\u00a0\u00bb, d\u2019un immense yacht dont on n\u2019ose imaginer l\u2019impact environnemental et qui bouche compl\u00e8tement la vue sur le port et la mer. Apr\u00e8s cette plong\u00e9e artistique, retour brutal sur terre\u2026<\/p>\n<p>Sur la Promenade des Anglais<\/p>\n<p>Sur la Promenade des Anglais, qui subit l\u2019assaut des vagues en hiver et celui des touristes en \u00e9t\u00e9, la <strong>villa Mass\u00e9na<\/strong> a sorti de ses collections une s\u00e9rie d\u2019\u0153uvres se rapportant aux liens que la ville de Nice entretient avec la grande bleue. Fascination pour tant de beaut\u00e9, mais aussi crainte de la col\u00e8re des \u00e9l\u00e9ments, que les dessinateurs, les peintres, les photographes des diff\u00e9rentes \u00e9poques ont traduite avec leur sensibilit\u00e9 et leur technique. C\u2019est un voyage, sinon immobile, du moins limit\u00e9, qui permet de mesurer le d\u00e9veloppement de la ville et la modification du paysage au fil des si\u00e8cles. Une red\u00e9couverte que l\u2019on fait en compagnie d\u2019artistes contemporains comme<strong> Maurice Maubert, Jonathan Brown<\/strong> ou<strong> Jean Klissac,<\/strong> de Ni\u00e7ois comme <strong>Joseph Fricero, Hercule Trachel, Charles-Martin Sauvaigo<\/strong> et <strong>Alexis Mossa<\/strong>, et de nombreux autres qui mirent tout leur c\u0153ur \u00e0 repr\u00e9senter cette mer que l\u2019on voit danser le long des golfes clairs\u2026<\/p>\n<p>Photo\u00a0: Une vue de l\u2019expo \u00ab\u00a0L\u2019oc\u00e9an de L\u00e9a\u00a0\u00bb, par Junior Fritz Jacquet. \u00a9JMC<\/p>\n","protected":false},"excerpt":{"rendered":"En visitant l\u2019exposition \u00ab\u00a0L\u2019Oc\u00e9an de L\u00e9a\u00a0\u00bb, les amateurs feront coup double en d\u00e9couvrant l\u2019\u0153uvre de papier du ma\u00eetre&hellip;\n","protected":false},"author":2,"featured_media":322943,"comment_status":"","ping_status":"","sticky":false,"template":"","format":"standard","meta":{"footnotes":""},"categories":[2819],"tags":[1111,11,2408,1777,674,1011,27,12,2401,882,25],"class_list":{"0":"post-322942","1":"post","2":"type-post","3":"status-publish","4":"format-standard","5":"has-post-thumbnail","7":"category-nice","8":"tag-actu","9":"tag-actualites","10":"tag-appels-d","11":"tag-eu","12":"tag-europe","13":"tag-fr","14":"tag-france","15":"tag-news","16":"tag-nice","17":"tag-provence-alpes-cote-dazur","18":"tag-republique-francaise"},"share_on_mastodon":{"url":"https:\/\/pubeurope.com\/@fr\/115038616522744268","error":""},"_links":{"self":[{"href":"https:\/\/www.europesays.com\/fr\/wp-json\/wp\/v2\/posts\/322942","targetHints":{"allow":["GET"]}}],"collection":[{"href":"https:\/\/www.europesays.com\/fr\/wp-json\/wp\/v2\/posts"}],"about":[{"href":"https:\/\/www.europesays.com\/fr\/wp-json\/wp\/v2\/types\/post"}],"author":[{"embeddable":true,"href":"https:\/\/www.europesays.com\/fr\/wp-json\/wp\/v2\/users\/2"}],"replies":[{"embeddable":true,"href":"https:\/\/www.europesays.com\/fr\/wp-json\/wp\/v2\/comments?post=322942"}],"version-history":[{"count":0,"href":"https:\/\/www.europesays.com\/fr\/wp-json\/wp\/v2\/posts\/322942\/revisions"}],"wp:featuredmedia":[{"embeddable":true,"href":"https:\/\/www.europesays.com\/fr\/wp-json\/wp\/v2\/media\/322943"}],"wp:attachment":[{"href":"https:\/\/www.europesays.com\/fr\/wp-json\/wp\/v2\/media?parent=322942"}],"wp:term":[{"taxonomy":"category","embeddable":true,"href":"https:\/\/www.europesays.com\/fr\/wp-json\/wp\/v2\/categories?post=322942"},{"taxonomy":"post_tag","embeddable":true,"href":"https:\/\/www.europesays.com\/fr\/wp-json\/wp\/v2\/tags?post=322942"}],"curies":[{"name":"wp","href":"https:\/\/api.w.org\/{rel}","templated":true}]}}