{"id":322946,"date":"2025-08-16T13:14:15","date_gmt":"2025-08-16T13:14:15","guid":{"rendered":"https:\/\/www.europesays.com\/fr\/322946\/"},"modified":"2025-08-16T13:14:15","modified_gmt":"2025-08-16T13:14:15","slug":"ex-de-nantes-quentin-merlin-declare-deja-sa-flamme-a-rennes-ligue-1-j1-rennes-marseille-1-0","status":"publish","type":"post","link":"https:\/\/www.europesays.com\/fr\/322946\/","title":{"rendered":"Ex de Nantes, Quentin Merlin d\u00e9clare d\u00e9j\u00e0 sa flamme \u00e0 Rennes &#8211; Ligue 1 &#8211; J1 &#8211; Rennes-Marseille (1-0)"},"content":{"rendered":"<p>La spontan\u00e9it\u00e9, ce n\u2019est pas \u00e0 prouver.<\/p>\n<p>La sinc\u00e9rit\u00e9, certains pourront en revanche en douter. Apr\u00e8s <a target=\"_blank\" href=\"https:\/\/www.sofoot.com\/articles\/ligue-1-a-10-contre-11-rennes-douche-lom\" rel=\"nofollow noopener\">le succ\u00e8s de Rennes contre Marseille lors de la toute premi\u00e8re journ\u00e9e de Ligue 1 version 2025-2026,<\/a> Quentin Merlin s\u2019est l\u00e2ch\u00e9 face \u00e0 la presse en zone mixte. <a target=\"_blank\" href=\"https:\/\/www.sofoot.com\/breves\/quentin-merlin-rejoint-la-bretagne-en-allant-sinstaller-a-rennes\" rel=\"nofollow noopener\">Transf\u00e9r\u00e9 en provenance du club phoc\u00e9en et ancien joueur de Nantes, <strong>le lat\u00e9ral<\/strong><\/a><strong> a carr\u00e9ment d\u00e9clar\u00e9 sa flamme pour ses nouvelles couleurs<\/strong>.<\/p>\n<p>\u00ab\u202fC\u2019est un match r\u00e9f\u00e9rence dans la combativit\u00e9, la g\u00e9n\u00e9rosit\u00e9 et tout ce qu\u2019on a humainement en nous. Les valeurs, celles qu\u2019on a transmises sur le terrain, sont celles du club : ambition, g\u00e9n\u00e9rosit\u00e9 et solidarit\u00e9, <strong>a ainsi racont\u00e9 le d\u00e9fenseur, visiblement en kif totale et encore essouffl\u00e9<\/strong>. J\u2019ai toujours appr\u00e9ci\u00e9 jouer dans ce stade et jouer pour ce club ou cet \u00e9cusson, c\u2019est un truc de ouf\u2026 \u00bb<\/p>\n<p>Sans oublier de dire qu\u2019il n\u2019avait \u00ab\u202fjamais connu une victoire aussi dure, aussi incroyable\u202f\u00bb\u2026<\/p>\n<p>\t\t\t\t\t\t\t\t\t\t<a class=\"lien-connexe\" href=\"https:\/\/www.sofoot.com\/breves\/ligue-1-en-colere-roberto-de-zerbi-epargne-adrien-rabiot-apres-la-defaite-de-marseille-a-rennes\" rel=\"nofollow noopener\" target=\"_blank\">Roberto De Zerbi : \u00ab\u202fCe n&rsquo;est pas \u00e0 cause d&rsquo;Adrien Rabiot que l&rsquo;OM a perdu\u202f\u00bb<\/a>\t\t\t\t\t<\/p>\n","protected":false},"excerpt":{"rendered":"La spontan\u00e9it\u00e9, ce n\u2019est pas \u00e0 prouver. La sinc\u00e9rit\u00e9, certains pourront en revanche en douter. Apr\u00e8s le succ\u00e8s&hellip;\n","protected":false},"author":2,"featured_media":322947,"comment_status":"","ping_status":"","sticky":false,"template":"","format":"standard","meta":{"footnotes":""},"categories":[2818],"tags":[1111,47,11,61,69,65,64,1777,674,63,1011,27,68,66,766,12,62,2636,70,25,67],"class_list":{"0":"post-322946","1":"post","2":"type-post","3":"status-publish","4":"format-standard","5":"has-post-thumbnail","7":"category-nantes","8":"tag-actu","9":"tag-actualite","10":"tag-actualites","11":"tag-actus-football","12":"tag-bundesliga","13":"tag-championnats-europeens","14":"tag-equipe-de-france","15":"tag-eu","16":"tag-europe","17":"tag-football","18":"tag-fr","19":"tag-france","20":"tag-ligua","21":"tag-ligue-1","22":"tag-nantes","23":"tag-news","24":"tag-news-foot","25":"tag-pays-de-la-loire","26":"tag-premier-league","27":"tag-republique-francaise","28":"tag-serie-a"},"share_on_mastodon":{"url":"https:\/\/pubeurope.com\/@fr\/115038628289970591","error":""},"_links":{"self":[{"href":"https:\/\/www.europesays.com\/fr\/wp-json\/wp\/v2\/posts\/322946","targetHints":{"allow":["GET"]}}],"collection":[{"href":"https:\/\/www.europesays.com\/fr\/wp-json\/wp\/v2\/posts"}],"about":[{"href":"https:\/\/www.europesays.com\/fr\/wp-json\/wp\/v2\/types\/post"}],"author":[{"embeddable":true,"href":"https:\/\/www.europesays.com\/fr\/wp-json\/wp\/v2\/users\/2"}],"replies":[{"embeddable":true,"href":"https:\/\/www.europesays.com\/fr\/wp-json\/wp\/v2\/comments?post=322946"}],"version-history":[{"count":0,"href":"https:\/\/www.europesays.com\/fr\/wp-json\/wp\/v2\/posts\/322946\/revisions"}],"wp:featuredmedia":[{"embeddable":true,"href":"https:\/\/www.europesays.com\/fr\/wp-json\/wp\/v2\/media\/322947"}],"wp:attachment":[{"href":"https:\/\/www.europesays.com\/fr\/wp-json\/wp\/v2\/media?parent=322946"}],"wp:term":[{"taxonomy":"category","embeddable":true,"href":"https:\/\/www.europesays.com\/fr\/wp-json\/wp\/v2\/categories?post=322946"},{"taxonomy":"post_tag","embeddable":true,"href":"https:\/\/www.europesays.com\/fr\/wp-json\/wp\/v2\/tags?post=322946"}],"curies":[{"name":"wp","href":"https:\/\/api.w.org\/{rel}","templated":true}]}}