{"id":322948,"date":"2025-08-16T13:15:10","date_gmt":"2025-08-16T13:15:10","guid":{"rendered":"https:\/\/www.europesays.com\/fr\/322948\/"},"modified":"2025-08-16T13:15:10","modified_gmt":"2025-08-16T13:15:10","slug":"canicule-a-bordeaux-linfirmier-aux-50-visites-par-jour-qui-veille-sur-les-plus-fragiles","status":"publish","type":"post","link":"https:\/\/www.europesays.com\/fr\/322948\/","title":{"rendered":"Canicule \u00e0 Bordeaux\u00a0: l\u2019infirmier aux 50 visites par jour qui veille sur les plus fragiles"},"content":{"rendered":"<p>\u00ab\u00a0Bonjour Bernard, comment \u00e7a va mon grand\u00a0? Tu as bien dormi\u00a0? Pas trop chaud\u00a0?\u00a0\u00bb, lance Djamel Bensalem \u00e0 son premier patient, handicap\u00e9 mental et moteur qui ne peut plus se d\u00e9placer.<\/p>\n<p>\u00ab\u00a0Confident\u00a0\u00bb<\/p>\n<p>Cet homme de 76\u00a0ans vit seul depuis la mort de sa m\u00e8re et d\u00e9pend de Djamel qui vient le voir trois fois par jour. \u00ab\u00a0Je lui change sa perfusion, lui donne ses m\u00e9dicaments, lui fais sa toilette intime. Mais je lui donne aussi \u00e0 boire, \u00e0 manger, et \u00e7a, ce n\u2019est pas mon r\u00f4le en th\u00e9orie, ce ne sont pas des actes factur\u00e9s\u00a0\u00bb, explique ce dynamique infirmier lib\u00e9ral.<\/p>\n<p>    La r\u00e9daction vous conseille<\/p>\n<p>Dans un petit bol, il m\u00e9lange une boisson prot\u00e9in\u00e9e avec des c\u00e9r\u00e9ales pour b\u00e9b\u00e9s, puis remplit un autre r\u00e9cipient avec de l\u2019eau g\u00e9lifi\u00e9e pour \u00e9viter les fausses routes.<\/p>\n<p>\u00ab\u00a0On se substitue un peu \u00e0 tout le monde\u00a0\u00bb<\/p>\n<p>\u00ab\u00a0On se substitue un peu \u00e0 tout le monde, et on est l\u00e0 qu\u2019il pleuve, qu\u2019il vente, un jour f\u00e9ri\u00e9 ou pendant la canicule\u00a0\u00bb, dit-il en s\u2019assurant du bon positionnement des ventilateurs et de l\u2019inclinaison du lit m\u00e9dicalis\u00e9.<\/p>\n<blockquote><p>\u00ab\u00a0Je lui change sa perfusion, lui donne ses m\u00e9dicaments, lui fais sa toilette intime. Mais je lui donne aussi \u00e0 boire, \u00e0 manger, et \u00e7a, ce n\u2019est pas mon r\u00f4le en th\u00e9orie, ce ne sont pas des actes factur\u00e9s.\u00a0\u00bb<\/p><\/blockquote>\n<p>Un syndicat, <a href=\"https:\/\/convergenceinfirmiere.com\/\" target=\"_blank\" rel=\"nofollow noopener\">Convergence Infirmi\u00e8re<\/a>, a appel\u00e9 cette semaine \u00ab\u00a0\u00e0 la plus grande vigilance et \u00e0 la solidarit\u00e9\u00a0\u00bb envers les personnes vuln\u00e9rables et isol\u00e9es, \u00ab\u00a0particuli\u00e8rement expos\u00e9es aux risques li\u00e9s aux fortes chaleurs\u00a0\u00bb.<\/p>\n<p>Apr\u00e8s avoir d\u00e9val\u00e9 les escaliers, un \u00e9norme trousseau de cl\u00e9s de tous ses patients \u00e0 la main, Djamel Bensalem saute dans une petite voiture noire, son \u00ab\u00a0v\u00e9ritable bureau\u00a0\u00bb, o\u00f9 il transporte une caisse remplie de m\u00e9dicaments, seringue et pansements.<\/p>\n<p>\u00ab\u00a0Je d\u00e9goulinais\u00a0\u00bb<\/p>\n<p>\u00ab\u00a0Un 15\u00a0ao\u00fbt, en pleine canicule, les enfants et petits-enfants sont souvent en vacances et les patients ne voient pratiquement que nous. Ils ne me parlent pas que de leurs probl\u00e8mes de sant\u00e9, certains m\u2019envoient m\u00eame des textos pour me raconter leur journ\u00e9e, me dire ce qu\u2019ils ont mang\u00e9\u00a0\u00bb, raconte l\u2019infirmier au doux sourire, assumant \u00eatre \u00ab\u00a0leur confident, leur personne-ressource\u00a0\u00bb.<\/p>\n<p>Prise des constantes, piq\u00fbre d\u2019insuline, aide pour mettre les bas de contention, changement de pansements, toilette intime\u2026 les rendez-vous s\u2019encha\u00eenent \u00e0 un rythme effr\u00e9n\u00e9 mais le professionnel de sant\u00e9 de 48\u00a0ans prend le temps de s\u2019assurer que chacun a de quoi s\u2019hydrater toute la journ\u00e9e.<\/p>\n<blockquote><p>\u00ab\u00a0Un 15\u00a0ao\u00fbt, en pleine canicule, les enfants et petits-enfants sont souvent en vacances et les patients ne voient pratiquement que nous.\u00a0\u00bb<\/p><\/blockquote>\n<p>\u00ab\u00a0Certaines personnes \u00e2g\u00e9es ou avec des troubles psychiatriques ne ressentent plus la sensation de soif ou de chaleur. Parfois, en pleine canicule, je retrouve un de mes patients sous une grosse couverture\u00a0\u00bb, relate-t-il en se garant devant le coquet jardin d\u2019une nonag\u00e9naire, \u00ab\u00a0Madame Sanchez\u00a0\u00bb.<\/p>\n<p>\u00ab\u00a0Tout le monde s\u2019inqui\u00e8te pour moi\u00a0\u00bb<\/p>\n<p>\u00ab\u00a0J\u2019ai a\u00e9r\u00e9 la nuit, j\u2019ai ferm\u00e9 les volets, j\u2019ai bu et pris mes m\u00e9dicaments\u00a0\u00bb, s\u2019amuse la vieille dame, anticipant les questions de son infirmier.<\/p>\n<p>Ce soir, elle dormira chez sa petite-fille, \u00ab\u00a0qui a insist\u00e9 car elle a la clim\u2019. En p\u00e9riode de canicule, tout le monde s\u2019inqui\u00e8te pour moi\u00a0\u00bb, sourit-elle.<\/p>\n<p>    La r\u00e9daction vous conseille<\/p>\n<p>Pour le soignant, c\u2019est \u00ab\u00a0ind\u00e9niable\u00a0\u00bb\u00a0: les fortes chaleurs fragilisent ses patients, avec la tension qui a tendance \u00e0 chuter ou le taux de sucre qui augmente dans le sang avec la d\u00e9shydratation.<\/p>\n<p>L\u2019\u00e9tape suivante, Simone a droit, elle, \u00e0 une bise. \u00ab\u00a0Cette nuit, je ne savais plus o\u00f9 me mettre tellement j\u2019avais chaud, je d\u00e9goulinais de partout\u00a0\u00bb, dit la centenaire, entour\u00e9e de ses filles.<\/p>\n<p>\u00ab\u00a0Mais dis-donc, ce n\u2019est pas de l\u2019eau qu\u2019il y a dans ton verre\u00a0\u00bb, plaisante Djamel, \u00e0 qui elle r\u00e9pond du tac-au-tac, taquine\u00a0: \u00ab\u00a0c\u2019est du Coca. Le whisky, c\u2019est pour plus tard\u00a0\u00bb.<\/p>\n","protected":false},"excerpt":{"rendered":"\u00ab\u00a0Bonjour Bernard, comment \u00e7a va mon grand\u00a0? Tu as bien dormi\u00a0? Pas trop chaud\u00a0?\u00a0\u00bb, lance Djamel Bensalem \u00e0&hellip;\n","protected":false},"author":2,"featured_media":322949,"comment_status":"","ping_status":"","sticky":false,"template":"","format":"standard","meta":{"footnotes":""},"categories":[2817],"tags":[1111,11,1997,1777,674,1011,27,12,2219,25],"class_list":{"0":"post-322948","1":"post","2":"type-post","3":"status-publish","4":"format-standard","5":"has-post-thumbnail","7":"category-bordeaux","8":"tag-actu","9":"tag-actualites","10":"tag-bordeaux","11":"tag-eu","12":"tag-europe","13":"tag-fr","14":"tag-france","15":"tag-news","16":"tag-nouvelle-aquitaine","17":"tag-republique-francaise"},"share_on_mastodon":{"url":"https:\/\/pubeurope.com\/@fr\/115038632323610569","error":""},"_links":{"self":[{"href":"https:\/\/www.europesays.com\/fr\/wp-json\/wp\/v2\/posts\/322948","targetHints":{"allow":["GET"]}}],"collection":[{"href":"https:\/\/www.europesays.com\/fr\/wp-json\/wp\/v2\/posts"}],"about":[{"href":"https:\/\/www.europesays.com\/fr\/wp-json\/wp\/v2\/types\/post"}],"author":[{"embeddable":true,"href":"https:\/\/www.europesays.com\/fr\/wp-json\/wp\/v2\/users\/2"}],"replies":[{"embeddable":true,"href":"https:\/\/www.europesays.com\/fr\/wp-json\/wp\/v2\/comments?post=322948"}],"version-history":[{"count":0,"href":"https:\/\/www.europesays.com\/fr\/wp-json\/wp\/v2\/posts\/322948\/revisions"}],"wp:featuredmedia":[{"embeddable":true,"href":"https:\/\/www.europesays.com\/fr\/wp-json\/wp\/v2\/media\/322949"}],"wp:attachment":[{"href":"https:\/\/www.europesays.com\/fr\/wp-json\/wp\/v2\/media?parent=322948"}],"wp:term":[{"taxonomy":"category","embeddable":true,"href":"https:\/\/www.europesays.com\/fr\/wp-json\/wp\/v2\/categories?post=322948"},{"taxonomy":"post_tag","embeddable":true,"href":"https:\/\/www.europesays.com\/fr\/wp-json\/wp\/v2\/tags?post=322948"}],"curies":[{"name":"wp","href":"https:\/\/api.w.org\/{rel}","templated":true}]}}