{"id":322950,"date":"2025-08-16T13:16:17","date_gmt":"2025-08-16T13:16:17","guid":{"rendered":"https:\/\/www.europesays.com\/fr\/322950\/"},"modified":"2025-08-16T13:16:17","modified_gmt":"2025-08-16T13:16:17","slug":"top-14-prolongation-majeure-a-bordeaux-yannick-bru-veut-ecrire-une-histoire-encore-plus-grande","status":"publish","type":"post","link":"https:\/\/www.europesays.com\/fr\/322950\/","title":{"rendered":"TOP 14. Prolongation majeure \u00e0 Bordeaux : Yannick Bru veut \u00e9crire une histoire encore plus grande"},"content":{"rendered":"<p>                Yannick Bru et l\u2019UBB, l\u2019histoire s\u2019\u00e9crit dans la dur\u00e9e<\/p>\n<p>L\u2019Union <a href=\"https:\/\/www.lerugbynistere.fr\/clubs\/ubb-bordeaux-begles.php\" ui-sref=\"app.team({teamId: 32})\" alt=\"Bordeaux\" data-route=\"app.team\" data-param=\"teamId\" data-id=\"32\" rel=\"nofollow noopener\" target=\"_blank\">Bordeaux<\/a>-B\u00e8gles a annonc\u00e9\u00a0la prolongation de son manager, Yannick Bru, jusqu\u2019en 2029. D\u00e9j\u00e0 li\u00e9 au club jusqu\u2019en 2027, l\u2019ancien talonneur international et le pr\u00e9sident Laurent Marti <strong>ont d\u00e9cid\u00e9 de verrouiller l\u2019avenir en inscrivant le projet dans la dur\u00e9e.<a class=\"inserer_lien_article\" href=\"https:\/\/www.lerugbynistere.fr\/videos\/louis-bielle-biarrey-13-essais-une-saison-a-toute-berzingue-une-compilation-video-qui-regale-1508251541.php\" data-id=\"45839\" data-route=\"app.article\" data-param=\"articleId\" ui-sref=\"app.article({articleId: 45839})\" alt=\"Louis Bielle-Biarrey : 13 essais, une saison \u00e0 toute berzingue, une compilation vid\u00e9o qui r\u00e9gale\" title=\"Louis Bielle-Biarrey : 13 essais, une saison \u00e0 toute berzingue, une compilation vid\u00e9o qui r\u00e9gale\" rel=\"nofollow noopener\" target=\"_blank\"><img decoding=\"async\" src=\"https:\/\/www.europesays.com\/fr\/wp-content\/uploads\/2025\/08\/du-top-14-au-xv-de-france-louis-bielle-biarrey-a-empile-les-essais-13-en-championnat-et-toujours-ce-.jpeg\" alt=\"Louis Bielle-Biarrey : 13 essais, une saison \u00e0 toute berzingue, une compilation vid\u00e9o qui r\u00e9gale\"\/>Louis Bielle-Biarrey : 13 essais, une saison \u00e0 toute berzingue, une compilation vid\u00e9o qui r\u00e9gale<\/a><\/strong>\u00ab Avec Yannick nous partageons la m\u00eame vision : construire dans la dur\u00e9e pour emmener l\u2019UBB encore plus haut. Sa prolongation jusqu\u2019en 2029 est un signal fort envoy\u00e9 \u00e0 nos joueurs, nos supporters et \u00e0 tous nos partenaires \u00bb, a expliqu\u00e9 Laurent Marti sur le site officiel de la formation girondine.<\/p>\n<p>Trois finales en deux saisons, une premi\u00e8re \u00e9toile historique<\/p>\n<p>Arriv\u00e9 en 2023 sur les bords de Garonne, Bru a d\u00e9j\u00e0 marqu\u00e9 de son empreinte l\u2019histoire du club girondin. En deux saisons seulement, l\u2019UBB a disput\u00e9 trois finales, avec en point d\u2019orgue une victoire majuscule en Coupe d\u2019Europe, le premier titre majeur de l\u2019histoire de l\u2019Union. De quoi soulever tout Chaban-Delmas et graver son nom dans la m\u00e9moire des supporters.<\/p>\n<p>Cette r\u00e9ussite ne doit rien au hasard. Yannick Bru est reconnu pour sa rigueur, son exigence et sa capacit\u00e9 \u00e0 f\u00e9d\u00e9rer un vestiaire parfois jug\u00e9 inconstant par le pass\u00e9.<\/p>\n<p>En peu de temps, il a impos\u00e9 <strong>une v\u00e9ritable culture de performance<\/strong>, qui se ressent autant dans l\u2019intensit\u00e9 des matchs que dans l\u2019engagement quotidien du staff et des joueurs.<\/p>\n<p>\u00ab Continuer \u00e0 marquer l\u2019histoire ensemble \u00bb<\/p>\n<p>Le principal int\u00e9ress\u00e9 ne cache pas son enthousiasme \u00e0 l\u2019id\u00e9e de poursuivre l\u2019aventure : \u00ab Je suis tr\u00e8s heureux de prolonger l\u2019aventure avec l\u2019UBB. Ce club, ses joueurs, ses supporters et ses partenaires m\u00e9ritent de vivre de grandes \u00e9motions. Nous allons continuer \u00e0 travailler dur pour atteindre nos objectifs et marquer l\u2019histoire ensemble. \u00bb<\/p>\n<p>En verrouillant son manager jusqu\u2019en 2029, l\u2019UBB affiche clairement ses ambitions : <strong>s\u2019installer durablement tout en haut du rugby fran\u00e7ais et europ\u00e9en.<\/strong> Et \u00e0 voir l\u2019\u00e9nergie d\u00e9ploy\u00e9e depuis deux saisons, ce projet semble avoir tout d\u2019un long voyage\u2026 d\u00e9j\u00e0 passionnant.<\/p>\n","protected":false},"excerpt":{"rendered":"Yannick Bru et l\u2019UBB, l\u2019histoire s\u2019\u00e9crit dans la dur\u00e9e L\u2019Union Bordeaux-B\u00e8gles a annonc\u00e9\u00a0la prolongation de son manager, Yannick&hellip;\n","protected":false},"author":2,"featured_media":322951,"comment_status":"","ping_status":"","sticky":false,"template":"","format":"standard","meta":{"footnotes":""},"categories":[2817],"tags":[1111,11,1997,1777,674,1011,27,12,2219,25],"class_list":{"0":"post-322950","1":"post","2":"type-post","3":"status-publish","4":"format-standard","5":"has-post-thumbnail","7":"category-bordeaux","8":"tag-actu","9":"tag-actualites","10":"tag-bordeaux","11":"tag-eu","12":"tag-europe","13":"tag-fr","14":"tag-france","15":"tag-news","16":"tag-nouvelle-aquitaine","17":"tag-republique-francaise"},"share_on_mastodon":{"url":"https:\/\/pubeurope.com\/@fr\/115038636254157753","error":""},"_links":{"self":[{"href":"https:\/\/www.europesays.com\/fr\/wp-json\/wp\/v2\/posts\/322950","targetHints":{"allow":["GET"]}}],"collection":[{"href":"https:\/\/www.europesays.com\/fr\/wp-json\/wp\/v2\/posts"}],"about":[{"href":"https:\/\/www.europesays.com\/fr\/wp-json\/wp\/v2\/types\/post"}],"author":[{"embeddable":true,"href":"https:\/\/www.europesays.com\/fr\/wp-json\/wp\/v2\/users\/2"}],"replies":[{"embeddable":true,"href":"https:\/\/www.europesays.com\/fr\/wp-json\/wp\/v2\/comments?post=322950"}],"version-history":[{"count":0,"href":"https:\/\/www.europesays.com\/fr\/wp-json\/wp\/v2\/posts\/322950\/revisions"}],"wp:featuredmedia":[{"embeddable":true,"href":"https:\/\/www.europesays.com\/fr\/wp-json\/wp\/v2\/media\/322951"}],"wp:attachment":[{"href":"https:\/\/www.europesays.com\/fr\/wp-json\/wp\/v2\/media?parent=322950"}],"wp:term":[{"taxonomy":"category","embeddable":true,"href":"https:\/\/www.europesays.com\/fr\/wp-json\/wp\/v2\/categories?post=322950"},{"taxonomy":"post_tag","embeddable":true,"href":"https:\/\/www.europesays.com\/fr\/wp-json\/wp\/v2\/tags?post=322950"}],"curies":[{"name":"wp","href":"https:\/\/api.w.org\/{rel}","templated":true}]}}