{"id":322952,"date":"2025-08-16T13:17:09","date_gmt":"2025-08-16T13:17:09","guid":{"rendered":"https:\/\/www.europesays.com\/fr\/322952\/"},"modified":"2025-08-16T13:17:09","modified_gmt":"2025-08-16T13:17:09","slug":"toulouse-pour-fuir-la-police-il-roule-a-contresens-sur-le-periph-et-percute-une-voiture","status":"publish","type":"post","link":"https:\/\/www.europesays.com\/fr\/322952\/","title":{"rendered":"Toulouse. Pour fuir la police, il roule \u00e0 contresens sur le p\u00e9riph&rsquo; et percute une voiture"},"content":{"rendered":"<p>            Par<br \/>\n        <strong><br \/>\n            <a href=\"https:\/\/actu.fr\/auteur\/marie-lamarque\" title=\"Consulter tous les articles de Marie Lamarque\" rel=\"nofollow noopener\" target=\"_blank\">Marie Lamarque<\/a><br \/>\n        <\/strong><\/p>\n<p>        Publi\u00e9 le<\/p>\n<p>            16 ao\u00fbt 2025 \u00e0 11h56        <\/p>\n<p>Sur le terrain, les policiers de <a href=\"https:\/\/actu.fr\/toulouse\/\" rel=\"nofollow noopener\" target=\"_blank\">Toulouse<\/a> font face \u00e0 de plus en plus de <a href=\"https:\/\/actu.fr\/occitanie\/tournefeuille_31557\/refus-d-obtemperer-pres-de-toulouse-sans-permis-il-percute-un-policier-sa-course-folle-finit-en-impasse_62583985.html\" rel=\"nofollow noopener\" target=\"_blank\">refus d\u2019obtemp\u00e9rer<\/a>. Des automobilistes qui refusent de se faire contr\u00f4ler et prennent parfois tous les risques pour \u00e9chapper aux agents. Dans la nuit de ce vendredi 15 \u00e0 ce samedi 16 ao\u00fbt 2025, les forces de l\u2019ordre l\u2019ont \u00e0 nouveau constat\u00e9.<\/p>\n<p>\u00c0 contresens, sur le p\u00e9riph\u2019<\/p>\n<p class=\" wall-content\">Pour prendre la fuite, un conducteur, \u00e2g\u00e9 de 26 ans, n\u2019h\u00e9site pas \u00e0 prendre<strong> le p\u00e9riph\u00e9rique int\u00e9rieur \u00e0 contresens<\/strong> aux alentours de 1h30 du matin.<\/p>\n<p class=\" wall-content\">Dans sa course, <strong>il percute un autre v\u00e9hicule<\/strong>, au niveau du quartier du Pont des Demoiselles, en sortant de la voie rapide. \u00c0 bord de cette deuxi\u00e8me voiture, <strong>deux personnes<\/strong> qui, fort heureusement, ne sont pas bless\u00e9es.<\/p>\n<p>    <a href=\"https:\/\/www.google.com\/maps\/embed?pb=!1m18!1m12!1m3!1d11560.71345216386!2d1.4615292870120595!3d43.58200103768778!2m3!1f0!2f0!3f0!3m2!1i1024!2i768!4f13.1!3m3!1m2!1s0x12aebc5a8f9ac337%3A0x5aec03de44e9d12d!2sPont%20des%20Demoiselles%2C%2031400%20Toulouse!5e0!3m2!1sfr!2sfr!4v1755337200113!5m2!1sfr!2sfr\" title=\"Ouvrie le lien\" rel=\"nofollow noopener\" target=\"_blank\">Cliquez ici pour visualiser le contenu<\/a><\/p>\n<p>Il tente de fuir \u00e0 pied<\/p>\n<p class=\" wall-content\">L\u2019homme tente alors le tout pour le tout, sort de sa voiture, et part \u00e0 pied. Rattrap\u00e9, il est interpell\u00e9 et <strong>plac\u00e9 en garde \u00e0 vue<\/strong>.<\/p>\n<p>Vid\u00e9os : en ce moment sur Actu<\/p>\n<p class=\" wall-content\">D\u00e9j\u00e0 connu des services de police, les agents comprennent alors pourquoi il voulait passer entre les mailles du filet. L\u2019homme est <strong>alcoolis\u00e9, circulait sans permis et sans assurance<\/strong>.<\/p>\n<p class=\" wall-content\">Suivez toute l\u2019actualit\u00e9 de vos villes et m\u00e9dias favoris en vous inscrivant \u00e0 <a href=\"https:\/\/moncompte.actu.fr\" title=\"D\u00e9couvez Mon Actu\" rel=\"nofollow noopener\" data-trk=\"{&quot;cta&quot;:{&quot;action&quot;:&quot;https:\\\/\\\/moncompte.actu.fr&quot;,&quot;category&quot;:&quot;mon compte&quot;,&quot;from&quot;:&quot;article footer&quot;,&quot;name&quot;:&quot;Mon actu&quot;,&quot;type&quot;:&quot;cta&quot;}}\" target=\"_blank\">Mon Actu<\/a>.<\/p>\n","protected":false},"excerpt":{"rendered":"Par Marie Lamarque Publi\u00e9 le 16 ao\u00fbt 2025 \u00e0 11h56 Sur le terrain, les policiers de Toulouse font&hellip;\n","protected":false},"author":2,"featured_media":205845,"comment_status":"","ping_status":"","sticky":false,"template":"","format":"standard","meta":{"footnotes":""},"categories":[2816],"tags":[1111,11,1777,674,118,1011,27,12,2680,1072,25,2312],"class_list":{"0":"post-322952","1":"post","2":"type-post","3":"status-publish","4":"format-standard","5":"has-post-thumbnail","7":"category-toulouse","8":"tag-actu","9":"tag-actualites","10":"tag-eu","11":"tag-europe","12":"tag-faits-divers","13":"tag-fr","14":"tag-france","15":"tag-news","16":"tag-occitanie","17":"tag-police","18":"tag-republique-francaise","19":"tag-toulouse"},"share_on_mastodon":{"url":"https:\/\/pubeurope.com\/@fr\/115038640162077121","error":""},"_links":{"self":[{"href":"https:\/\/www.europesays.com\/fr\/wp-json\/wp\/v2\/posts\/322952","targetHints":{"allow":["GET"]}}],"collection":[{"href":"https:\/\/www.europesays.com\/fr\/wp-json\/wp\/v2\/posts"}],"about":[{"href":"https:\/\/www.europesays.com\/fr\/wp-json\/wp\/v2\/types\/post"}],"author":[{"embeddable":true,"href":"https:\/\/www.europesays.com\/fr\/wp-json\/wp\/v2\/users\/2"}],"replies":[{"embeddable":true,"href":"https:\/\/www.europesays.com\/fr\/wp-json\/wp\/v2\/comments?post=322952"}],"version-history":[{"count":0,"href":"https:\/\/www.europesays.com\/fr\/wp-json\/wp\/v2\/posts\/322952\/revisions"}],"wp:featuredmedia":[{"embeddable":true,"href":"https:\/\/www.europesays.com\/fr\/wp-json\/wp\/v2\/media\/205845"}],"wp:attachment":[{"href":"https:\/\/www.europesays.com\/fr\/wp-json\/wp\/v2\/media?parent=322952"}],"wp:term":[{"taxonomy":"category","embeddable":true,"href":"https:\/\/www.europesays.com\/fr\/wp-json\/wp\/v2\/categories?post=322952"},{"taxonomy":"post_tag","embeddable":true,"href":"https:\/\/www.europesays.com\/fr\/wp-json\/wp\/v2\/tags?post=322952"}],"curies":[{"name":"wp","href":"https:\/\/api.w.org\/{rel}","templated":true}]}}