{"id":322953,"date":"2025-08-16T13:18:15","date_gmt":"2025-08-16T13:18:15","guid":{"rendered":"https:\/\/www.europesays.com\/fr\/322953\/"},"modified":"2025-08-16T13:18:15","modified_gmt":"2025-08-16T13:18:15","slug":"quelle-est-cette-exposition-sur-le-parvis-de-la-basilique-saint-sernin","status":"publish","type":"post","link":"https:\/\/www.europesays.com\/fr\/322953\/","title":{"rendered":"quelle est cette exposition sur le parvis de la basilique Saint-Sernin\u00a0?"},"content":{"rendered":"<p>            Par<br \/>\n        <strong><br \/>\n            <a href=\"https:\/\/actu.fr\/auteur\/lea-afonso\" title=\"Consulter tous les articles de L\u00e9a Afonso\" target=\"_blank\" rel=\"noopener\">L\u00e9a Afonso<\/a><br \/>\n        <\/strong><\/p>\n<p>        Publi\u00e9 le<\/p>\n<p>            16 ao\u00fbt 2025 \u00e0 15h16        <\/p>\n<p>L\u2019\u00e9t\u00e9 est le moment id\u00e9al pour (re)d\u00e9couvrir <strong><a href=\"https:\/\/actu.fr\/toulouse\/\" target=\"_blank\" rel=\"noopener\">Toulouse<\/a> <\/strong>et son riche pass\u00e9. Alors pour l\u2019occasion, depuis la fin juillet 2025, la mairie et la m\u00e9tropole proposent une <strong>exposition gratuite en plein air<\/strong> sur le<strong> parvis de basilique Saint-Sernin.<\/strong> Mais quel est donc le sujet\u2009?<\/p>\n<p>Toulouse mise en lumi\u00e8re<\/p>\n<p class=\" wall-content\">Difficile de manquer les<strong> six imposants cubes<\/strong> de pr\u00e8s de deux m\u00e8tres de haut qui tr\u00f4nent devant la basilique\u2009! Recouverts de <strong>textes explicatifs<\/strong> et de <strong>photographies<\/strong>, ils attirent imm\u00e9diatement le regard. Promeneurs curieux, touristes de passage ou habitants en fl\u00e2nerie estivale s\u2019arr\u00eatent, intrigu\u00e9s par ces installations.<\/p>\n<p class=\" wall-content\">En lettres majuscules, le titre de l\u2019exposition s\u2019affiche\u2009:<strong> \u00ab\u00a0Toulouse Odyss\u00e9e\u00a0\u00bb<\/strong>, sur fond d\u2019une vue panoramique de la ville.<\/p>\n<p>    <img   decoding=\"async\" loading=\"lazy\" src=\"https:\/\/www.europesays.com\/fr\/wp-content\/uploads\/2025\/08\/expo-parvis-saint-sernin-2-960x640.jpg\" alt=\"Retracer un si\u00e8cle d'urbanisme \u00e0 Toulouse \u00e0 travers une exposition.\" width=\"960\" height=\"640\"\/><br \/>\n    Retracer un si\u00e8cle d\u2019urbanisme \u00e0 Toulouse \u00e0 travers une exposition. (\u00a9L\u00e9a Afonso \/ Actu Toulouse)Six th\u00e9matiques \u00e0 l\u2019honneur<\/p>\n<p class=\" wall-content\">Il s\u2019agit en r\u00e9alit\u00e9 \u00ab\u2009d\u2019une exposition qui <strong>retrace 100\u00a0ans d\u2019urbanisme \u00e0 Toulouse<\/strong> au travers de six grands th\u00e8mes\u2009\u00bb explique la mairie\u2009:<\/p>\n<p>Vid\u00e9os : en ce moment sur Actu<\/p>\n<ul class=\" wall-content\">\n<li><strong>l\u2019a\u00e9ronautique<\/strong>, incontournable fleuron de la ville<\/li>\n<li><strong>le grand parc Garonne<\/strong><\/li>\n<li><strong>le logement collectif<\/strong><\/li>\n<li><strong>le patrimoine<\/strong><\/li>\n<li><strong>les transports<\/strong><\/li>\n<li><strong>l\u2019urbanisme<\/strong> (\u00e0 plus grande \u00e9chelle)<\/li>\n<\/ul>\n<p class=\" wall-content\">Chaque cube aborde ainsi un de ces sujets \u00e0 travers des images, des cartes, des t\u00e9moignages et des faits marquants qui ont fa\u00e7onn\u00e9 Toulouse.<\/p>\n<p>Un voyage dans le temps<\/p>\n<p class=\" wall-content\">Pour mieux embarquer les visiteurs dans cette odyss\u00e9e, l\u2019exposition s\u2019appuie sur des <strong>documents d\u2019archives et des photos anciennes.<\/strong> On y d\u00e9couvre par exemple une vue a\u00e9rienne des quartiers de Bagatelle et de la Faourette en 1980, le parc des sports en 1946 \u2014 devenu aujourd\u2019hui le Stadium \u2014, ou encore le tramway qui traversait la rue de Metz en 1929. Il y a de quoi en apprendre sur tous les sujets.<\/p>\n<p class=\" wall-content\">Alors, si vous passez par l\u00e0, prenez le temps de faire escale dans cette \u00ab\u2009Odyss\u00e9e\u2009\u00bb urbaine, elle est <strong>\u00e9ph\u00e9m\u00e8re jusqu\u2019\u00e0 fin ao\u00fbt<\/strong>.<\/p>\n<p class=\" wall-content\">Suivez toute l\u2019actualit\u00e9 de vos villes et m\u00e9dias favoris en vous inscrivant \u00e0 <a href=\"https:\/\/moncompte.actu.fr\" title=\"D\u00e9couvez Mon Actu\" rel=\"nofollow noopener\" data-trk=\"{&quot;cta&quot;:{&quot;action&quot;:&quot;https:\\\/\\\/moncompte.actu.fr&quot;,&quot;category&quot;:&quot;mon compte&quot;,&quot;from&quot;:&quot;article footer&quot;,&quot;name&quot;:&quot;Mon actu&quot;,&quot;type&quot;:&quot;cta&quot;}}\" target=\"_blank\">Mon Actu<\/a>.<\/p>\n<ul class=\"ac-article-tag wall-content\">\n<li><a href=\"https:\/\/actu.fr\/tag\/sortir-a-toulouse\" data-trk=\"{&quot;cta&quot;:{&quot;action&quot;:&quot;Sortir \\u00e0 Toulouse&quot;,&quot;category&quot;:&quot;tag&quot;,&quot;from&quot;:&quot;article footer&quot;,&quot;name&quot;:&quot;Sortir \\u00e0 Toulouse&quot;,&quot;type&quot;:&quot;cta&quot;}}\" target=\"_blank\" rel=\"noopener\">#Sortir \u00e0 Toulouse<\/a><\/li>\n<li><a href=\"https:\/\/actu.fr\/tag\/urbanisme\" data-trk=\"{&quot;cta&quot;:{&quot;action&quot;:&quot;Urbanisme&quot;,&quot;category&quot;:&quot;tag&quot;,&quot;from&quot;:&quot;article footer&quot;,&quot;name&quot;:&quot;Urbanisme&quot;,&quot;type&quot;:&quot;cta&quot;}}\" target=\"_blank\" rel=\"noopener\">#Urbanisme<\/a><\/li>\n<\/ul>\n","protected":false},"excerpt":{"rendered":"Par L\u00e9a Afonso Publi\u00e9 le 16 ao\u00fbt 2025 \u00e0 15h16 L\u2019\u00e9t\u00e9 est le moment id\u00e9al pour (re)d\u00e9couvrir Toulouse&hellip;\n","protected":false},"author":2,"featured_media":322954,"comment_status":"","ping_status":"","sticky":false,"template":"","format":"standard","meta":{"footnotes":""},"categories":[2816],"tags":[1111,11,1777,674,1349,1011,27,1652,12,2680,25,1341,2312,1352],"class_list":{"0":"post-322953","1":"post","2":"type-post","3":"status-publish","4":"format-standard","5":"has-post-thumbnail","7":"category-toulouse","8":"tag-actu","9":"tag-actualites","10":"tag-eu","11":"tag-europe","12":"tag-expositions","13":"tag-fr","14":"tag-france","15":"tag-loisirs-culture","16":"tag-news","17":"tag-occitanie","18":"tag-republique-francaise","19":"tag-sortir-a-toulouse","20":"tag-toulouse","21":"tag-urbanisme"},"share_on_mastodon":{"url":"https:\/\/pubeurope.com\/@fr\/115038644093421622","error":""},"_links":{"self":[{"href":"https:\/\/www.europesays.com\/fr\/wp-json\/wp\/v2\/posts\/322953","targetHints":{"allow":["GET"]}}],"collection":[{"href":"https:\/\/www.europesays.com\/fr\/wp-json\/wp\/v2\/posts"}],"about":[{"href":"https:\/\/www.europesays.com\/fr\/wp-json\/wp\/v2\/types\/post"}],"author":[{"embeddable":true,"href":"https:\/\/www.europesays.com\/fr\/wp-json\/wp\/v2\/users\/2"}],"replies":[{"embeddable":true,"href":"https:\/\/www.europesays.com\/fr\/wp-json\/wp\/v2\/comments?post=322953"}],"version-history":[{"count":0,"href":"https:\/\/www.europesays.com\/fr\/wp-json\/wp\/v2\/posts\/322953\/revisions"}],"wp:featuredmedia":[{"embeddable":true,"href":"https:\/\/www.europesays.com\/fr\/wp-json\/wp\/v2\/media\/322954"}],"wp:attachment":[{"href":"https:\/\/www.europesays.com\/fr\/wp-json\/wp\/v2\/media?parent=322953"}],"wp:term":[{"taxonomy":"category","embeddable":true,"href":"https:\/\/www.europesays.com\/fr\/wp-json\/wp\/v2\/categories?post=322953"},{"taxonomy":"post_tag","embeddable":true,"href":"https:\/\/www.europesays.com\/fr\/wp-json\/wp\/v2\/tags?post=322953"}],"curies":[{"name":"wp","href":"https:\/\/api.w.org\/{rel}","templated":true}]}}