{"id":322955,"date":"2025-08-16T13:20:13","date_gmt":"2025-08-16T13:20:13","guid":{"rendered":"https:\/\/www.europesays.com\/fr\/322955\/"},"modified":"2025-08-16T13:20:13","modified_gmt":"2025-08-16T13:20:13","slug":"il-se-promenait-parfois-nu-ou-travesti-un-clandestin-moldave-qui-semait-la-zizanie-dans-lille-place-en-centre-de-retention-administrative","status":"publish","type":"post","link":"https:\/\/www.europesays.com\/fr\/322955\/","title":{"rendered":"\u00ab Il se promenait parfois nu ou travesti \u00bb : un clandestin moldave qui semait la zizanie dans Lille plac\u00e9 en centre de r\u00e9tention administrative"},"content":{"rendered":"<p class=\"p3\">Depuis le mois de juin, un homme d\u2019origine moldave, <a href=\"https:\/\/www.valeursactuelles.com\/societe\/140-000-oqtf-delivrees-en-2024-pour-seulement-20-000-retours-enregistres-selon-lofii\" target=\"_blank\" rel=\"noopener\">en situation irr\u00e9guli\u00e8re<\/a> et sans domicile fixe, s\u2019\u00e9tait install\u00e9 dans un bosquet de l\u2019impasse Saint-Ruth, <a href=\"https:\/\/www.valeursactuelles.com\/faits-divers\/info-va-lille-un-palestinien-sous-oqtf-deambulant-avec-un-couteau-de-boucher-interpelle\" target=\"_blank\" rel=\"noopener\">dans le Vieux-Lille<\/a>. Son comportement a rapidement inqui\u00e9t\u00e9 les habitants de la r\u00e9sidence voisine. L\u2019individu, qui avait dress\u00e9 un campement de fortune d\u00e9crit comme \u00ab tr\u00e8s insalubre \u00bb, se promenait parfois \u00ab nu ou travesti \u00bb, ou encore \u00ab en tenue de commando et cagoule \u00bb, selon des t\u00e9moignages recueillis par <a href=\"https:\/\/www.lavoixdunord.fr\/1615519\/article\/2025-08-15\/lille-le-moldave-qui-terrorisait-une-residence-du-vieux-lille-est-en-retention\" target=\"_blank\" rel=\"nofollow noopener\">La Voix du Nord<\/a>.<\/p>\n<p><a href=\"https:\/\/www.valeursactuelles.com\/faits-divers\/montpellier-deux-algeriens-sous-oqtf-agressent-un-jeune-touriste-au-cutter-pour-lui-derober-sa-gourmette-en-or\" class=\"h-flex h-align-items-center h-border-tb h-ptb-15\" target=\"_blank\" rel=\"noopener\">A\u00a0LIRE\u00a0Montpellier : deux Alg\u00e9riens sous OQTF agressent un jeune touriste au cutter pour lui d\u00e9rober sa gourmette en or<\/a><\/p>\n<p class=\"p3\">Les voisins \u00e9voquent aussi des actes d\u2019intimidation r\u00e9p\u00e9t\u00e9s. Une habitante de 21 ans a <a href=\"https:\/\/www.valeursactuelles.com\/societe\/eric-ciotti-va-porter-plainte-pour-injure-publique-contre-lfi-qui-la-traite-de-raciste\" target=\"_blank\" rel=\"noopener\">d\u00e9pos\u00e9 plainte<\/a> apr\u00e8s avoir \u00e9t\u00e9 menac\u00e9e d\u2019\u00ab \u00e9gorgement \u00bb. Le syndic de l\u2019immeuble, alert\u00e9, a \u00e9galement saisi les autorit\u00e9s face \u00e0 la mont\u00e9e des tensions.<\/p>\n<p>Plac\u00e9 en CRA<\/p>\n<p class=\"p3\">Le 1er ao\u00fbt, l\u2019homme a \u00e9t\u00e9 interpell\u00e9 par la brigade sp\u00e9cialis\u00e9e de terrain de Lille, avec le renfort de la police aux fronti\u00e8res. Il a \u00e9t\u00e9 plac\u00e9 en centre de r\u00e9tention administrative, o\u00f9 il restera jusqu\u2019\u00e0 la fin du mois.<\/p>\n<p class=\"p3\">Son installation sauvage avait g\u00e9n\u00e9r\u00e9 d\u2019importants probl\u00e8mes sanitaires. Trois bennes de d\u00e9tritus ont \u00e9t\u00e9 retir\u00e9es par les services municipaux, qui sont intervenus avec des protections adapt\u00e9es. Pour \u00e9viter qu\u2019un tel \u00e9pisode ne se reproduise, les habitants envisagent d\u00e9sormais de cl\u00f4turer l\u2019acc\u00e8s au bosquet.<\/p>\n","protected":false},"excerpt":{"rendered":"Depuis le mois de juin, un homme d\u2019origine moldave, en situation irr\u00e9guli\u00e8re et sans domicile fixe, s\u2019\u00e9tait install\u00e9&hellip;\n","protected":false},"author":2,"featured_media":322956,"comment_status":"","ping_status":"","sticky":false,"template":"","format":"standard","meta":{"footnotes":""},"categories":[2815],"tags":[1111,11,6735,28669,1777,674,1011,27,811,6734,1307,12,25],"class_list":{"0":"post-322955","1":"post","2":"type-post","3":"status-publish","4":"format-standard","5":"has-post-thumbnail","7":"category-lille","8":"tag-actu","9":"tag-actualites","10":"tag-centre-de-retention","11":"tag-depot-de-plainte","12":"tag-eu","13":"tag-europe","14":"tag-fr","15":"tag-france","16":"tag-hauts-de-france","17":"tag-immigration-clandestine","18":"tag-lille","19":"tag-news","20":"tag-republique-francaise"},"share_on_mastodon":{"url":"https:\/\/pubeurope.com\/@fr\/115038651942350025","error":""},"_links":{"self":[{"href":"https:\/\/www.europesays.com\/fr\/wp-json\/wp\/v2\/posts\/322955","targetHints":{"allow":["GET"]}}],"collection":[{"href":"https:\/\/www.europesays.com\/fr\/wp-json\/wp\/v2\/posts"}],"about":[{"href":"https:\/\/www.europesays.com\/fr\/wp-json\/wp\/v2\/types\/post"}],"author":[{"embeddable":true,"href":"https:\/\/www.europesays.com\/fr\/wp-json\/wp\/v2\/users\/2"}],"replies":[{"embeddable":true,"href":"https:\/\/www.europesays.com\/fr\/wp-json\/wp\/v2\/comments?post=322955"}],"version-history":[{"count":0,"href":"https:\/\/www.europesays.com\/fr\/wp-json\/wp\/v2\/posts\/322955\/revisions"}],"wp:featuredmedia":[{"embeddable":true,"href":"https:\/\/www.europesays.com\/fr\/wp-json\/wp\/v2\/media\/322956"}],"wp:attachment":[{"href":"https:\/\/www.europesays.com\/fr\/wp-json\/wp\/v2\/media?parent=322955"}],"wp:term":[{"taxonomy":"category","embeddable":true,"href":"https:\/\/www.europesays.com\/fr\/wp-json\/wp\/v2\/categories?post=322955"},{"taxonomy":"post_tag","embeddable":true,"href":"https:\/\/www.europesays.com\/fr\/wp-json\/wp\/v2\/tags?post=322955"}],"curies":[{"name":"wp","href":"https:\/\/api.w.org\/{rel}","templated":true}]}}