{"id":322957,"date":"2025-08-16T13:21:11","date_gmt":"2025-08-16T13:21:11","guid":{"rendered":"https:\/\/www.europesays.com\/fr\/322957\/"},"modified":"2025-08-16T13:21:11","modified_gmt":"2025-08-16T13:21:11","slug":"karaoke-xxl-et-spectacle-de-drones-pour-faire-durer-cette-saison-estivale","status":"publish","type":"post","link":"https:\/\/www.europesays.com\/fr\/322957\/","title":{"rendered":"karaok\u00e9 XXL et spectacle de drones pour faire durer cette saison estivale"},"content":{"rendered":"<p>L&rsquo;esplanade du J4 \u2013 <a href=\"https:\/\/www.laprovence.com\/article\/societe\/1023888311816815\/marseille-lesplanade-gisele-halimi-inauguree-au-pied-du-mucem\" target=\"_blank\" rel=\"noopener\">renomm\u00e9e Gis\u00e8le-Halimi<\/a> \u2013 a rev\u00eatu sa plus belle tenue d&rsquo;\u00e9t\u00e9 pour l&rsquo;Assomption. Sous les guirlandes bariol\u00e9es, l&rsquo;heure dor\u00e9e fait briller la sc\u00e8ne du <a href=\"https:\/\/www.laprovence.com\/article\/region\/1141256284311915\/a-marseille-le-karaoke-classics-revient-au-coeur-du-parc-longchamp\" target=\"_blank\" rel=\"noopener\">Karaok\u00e9 Classic<\/a>. Pour la quatri\u00e8me \u00e9dition, Playmo &amp; Driver animent la soir\u00e9e devant plusieurs centaines de spectateurs, esquich\u00e9s devant l&rsquo;\u00e9cran g\u00e9ant. Les paroles d\u00e9filent et Nadine s&rsquo;\u00e9gosille : \u00ab\u00a0Je me l\u00e2che, je donne tout et je partage le moment avec des inconnus !\u00a0\u00bb se r\u00e9jouit la quarantenaire. Pour ouvrir le bal, Willy et Yvan ont choisi C\u00e9line Dion, suivis de pr\u00e8s par quatre \u00ab\u00a0copines du lyc\u00e9e\u00a0\u00bb qui comptent bien \u00ab\u00a0charger\u00a0\u00bb sur le tube \u00e9ponyme.\u00a0<\/p>\n","protected":false},"excerpt":{"rendered":"L&rsquo;esplanade du J4 \u2013 renomm\u00e9e Gis\u00e8le-Halimi \u2013 a rev\u00eatu sa plus belle tenue d&rsquo;\u00e9t\u00e9 pour l&rsquo;Assomption. Sous les&hellip;\n","protected":false},"author":2,"featured_media":322958,"comment_status":"","ping_status":"","sticky":false,"template":"","format":"standard","meta":{"footnotes":""},"categories":[2814],"tags":[17,1111,11,251,2024,1777,674,1011,27,19846,20839,884,12,471,882,25,3140,46048],"class_list":{"0":"post-322957","1":"post","2":"type-post","3":"status-publish","4":"format-standard","5":"has-post-thumbnail","7":"category-marseille","8":"tag-17","9":"tag-actu","10":"tag-actualites","11":"tag-culture","12":"tag-drones","13":"tag-eu","14":"tag-europe","15":"tag-fr","16":"tag-france","17":"tag-karaoke","18":"tag-lete","19":"tag-marseille","20":"tag-news","21":"tag-pour","22":"tag-provence-alpes-cote-dazur","23":"tag-republique-francaise","24":"tag-spectacle","25":"tag-xxl"},"share_on_mastodon":{"url":"https:\/\/pubeurope.com\/@fr\/115038655950920494","error":""},"_links":{"self":[{"href":"https:\/\/www.europesays.com\/fr\/wp-json\/wp\/v2\/posts\/322957","targetHints":{"allow":["GET"]}}],"collection":[{"href":"https:\/\/www.europesays.com\/fr\/wp-json\/wp\/v2\/posts"}],"about":[{"href":"https:\/\/www.europesays.com\/fr\/wp-json\/wp\/v2\/types\/post"}],"author":[{"embeddable":true,"href":"https:\/\/www.europesays.com\/fr\/wp-json\/wp\/v2\/users\/2"}],"replies":[{"embeddable":true,"href":"https:\/\/www.europesays.com\/fr\/wp-json\/wp\/v2\/comments?post=322957"}],"version-history":[{"count":0,"href":"https:\/\/www.europesays.com\/fr\/wp-json\/wp\/v2\/posts\/322957\/revisions"}],"wp:featuredmedia":[{"embeddable":true,"href":"https:\/\/www.europesays.com\/fr\/wp-json\/wp\/v2\/media\/322958"}],"wp:attachment":[{"href":"https:\/\/www.europesays.com\/fr\/wp-json\/wp\/v2\/media?parent=322957"}],"wp:term":[{"taxonomy":"category","embeddable":true,"href":"https:\/\/www.europesays.com\/fr\/wp-json\/wp\/v2\/categories?post=322957"},{"taxonomy":"post_tag","embeddable":true,"href":"https:\/\/www.europesays.com\/fr\/wp-json\/wp\/v2\/tags?post=322957"}],"curies":[{"name":"wp","href":"https:\/\/api.w.org\/{rel}","templated":true}]}}