{"id":322959,"date":"2025-08-16T13:22:14","date_gmt":"2025-08-16T13:22:14","guid":{"rendered":"https:\/\/www.europesays.com\/fr\/322959\/"},"modified":"2025-08-16T13:22:14","modified_gmt":"2025-08-16T13:22:14","slug":"presque-heroique-le-stade-rennais-vainqueur-contre-lolympique-de-marseille","status":"publish","type":"post","link":"https:\/\/www.europesays.com\/fr\/322959\/","title":{"rendered":"\u00ab\u00a0Presque h\u00e9ro\u00efque\u00a0\u00bb, le Stade rennais vainqueur contre l&rsquo;Olympique de Marseille"},"content":{"rendered":"<p class=\"article__intro\">Pour l&rsquo;ouverture du championnat de Ligue\u00a01, les Rouge et noir se sont impos\u00e9s in extremis 1-0 face \u00e0 Marseille ce vendredi 15 ao\u00fbt au Roazhon Park. Fra\u00eechement accueilli par les supporters au d\u00e9but du match, c&rsquo;est pourtant le nouveau capitaine Valentin Rongier, ancien joueur de l&rsquo;OM qui a lanc\u00e9 le clapping c\u00e9l\u00e9brant leur victoire.<\/p>\n<p>\n      L\u2019actu des r\u00e9gions\n    <\/p>\n<p>\n      Chaque jour, un tour d\u2019horizon des principales infos de toutes les r\u00e9gions.\n    <\/p>\n<p>    France T\u00e9l\u00e9visions utilise votre adresse e-mail afin de vous envoyer la newsletter \u00ab\u00a0L\u2019actu des r\u00e9gions\u00a0\u00bb. Vous pouvez vous d\u00e9sinscrire \u00e0 tout moment via le lien en bas de cette newsletter. <a target=\"_blank\" href=\"https:\/\/www.francetelevisions.fr\/groupe\/confidentialite\/politique-de-confidentialite\/politique-de-confidentialite-de-france-televisions-6503\" rel=\"nofollow noopener\">Notre politique de confidentialit\u00e9<\/a><\/p>\n<p>Dans un Roazhon Park plein \u00e0 craquer, les Rouge et noir ont r\u00e9ussi une magnifique entame de saison en arrachant la victoire dans le temps additionnel contre le prestigieux club marseillais ce vendredi 15\u00a0ao\u00fbt. Le tout apr\u00e8s avoir jou\u00e9 une heure \u00e0 dix.<\/p>\n<p>Rennes a \u00e9t\u00e9 \u00ab\u00a0fantastique\u00a0\u00bb mais pas encore \u00ab\u00a0h\u00e9ro\u00efque\u00a0\u00bb, a estim\u00e9 l&rsquo;entra\u00eeneur des Bretons, Habib Beye.<\/p>\n<p>Un match test pour l&rsquo;entra\u00eeneur qui avait d\u00e9cid\u00e9 de jouer \u00e0 fond la carte du renouvellement en lan\u00e7ant trois recrues &#8211;\u00a0Merlin, Przemislaw Frankowski et Valentin Rongier, fra\u00eechement accueilli par le kop, mais capitaine malgr\u00e9 tout\u00a0-, et deux joueurs pr\u00eat\u00e9s la saison derni\u00e8re, Fabian Rieder au milieu et Abdlehamid A\u00eft Boudlal en d\u00e9fense, pour ses toutes premi\u00e8res minutes en Ligue\u00a01.<\/p>\n<p>Illustration du grand chambardement des derniers mois, le seul joueur sur le terrain qui \u00e9tait rouge et noir l&rsquo;an dernier \u00e0 pareille \u00e9poque \u00e9tait Amine Gouiri&#8230; aujourd&rsquo;hui \u00e0 l&rsquo;OM.<\/p>\n<p>Malheureusement pour lui, Abdlehamid A\u00eft Boudlal, le jeune d\u00e9fenseur marocain (18\u00a0ans), a \u00e9t\u00e9 le h\u00e9ros malheureux de la premi\u00e8re p\u00e9riode en se faisant expulser peu apr\u00e8s la demi-heure de jeu pour une semelle sur une cheville de Michael Murillo.<\/p>\n<p>Relativement \u00e9quilibr\u00e9 jusque-l\u00e0, malgr\u00e9 la forte domination marseillaise dans la possession du ballon, le match a ensuite \u00e9t\u00e9 quasiment \u00e0 sens unique. Ce sc\u00e9nario, apparemment id\u00e9al, a pourtant surtout mis en lumi\u00e8re les carences offensives marseillaises et une st\u00e9rilit\u00e9 end\u00e9mique dans l&rsquo;utilisation du ballon qui est tr\u00e8s p\u00e9nalisante.<\/p>\n<p>Marseille s&rsquo;est finalement cr\u00e9\u00e9 fort peu d&rsquo;occasions franches, surtout compte tenu de son potentiel offensif.<\/p>\n<p>Certes, le poteau a deux fois sauv\u00e9 Brice Samba, sur une frappe d&rsquo;Adrien Rabiot en toute fin de premi\u00e8re p\u00e9riode (45+5) et sur une t\u00eate de Murillo (58e).<\/p>\n<p>Le gardien international fran\u00e7ais s&rsquo;est tout de m\u00eame distingu\u00e9 sur une reprise a\u00e9rienne de Leonardo Balerdi aux six m\u00e8tres (66e) et une frappe \u00e0 rebond de Gouiri (69e).<\/p>\n<p>M\u00eame l&rsquo;entr\u00e9e d&rsquo;Aubameyang \u00e0 la 63e, qui a pouss\u00e9 Gouiri de l&rsquo;axe vers l&rsquo;aile gauche, n&rsquo;a pas rendu Marseille plus mordant.<\/p>\n<p>Sans un Rulli d\u00e9cisif pour pr\u00e9server le 0-0 \u00e0 deux reprises devant Moussa Al-Tamari (42e, 61e), les Bretons auraient m\u00eame pu prendre les devants plus t\u00f4t.<\/p>\n<p>Mais c&rsquo;est finalement une superbe ouverture de Merlin dans le dos de la d\u00e9fense marseillaise, qui a trouv\u00e9 un magnifique appel de Blas pour permettre \u00e0 l&rsquo;attaquant de se pr\u00e9senter seul et tromper le portier argentin (1-0, 90+1), avant que Mohamadou Nagida, un autre entrant, ne rate m\u00eame de peu le 2-0 cinq minutes plus tard.<\/p>\n<blockquote class=\"ftvi_content_quote\">\n<p class=\"ftvi_citation_quote\">J&rsquo;ai surtout dit \u00e0 mes gar\u00e7ons que (leur prestation du soir&#8230;) \u00e9tait le standard requis pour qu&rsquo;on soit une \u00e9quipe qui compte cette saison.<\/p>\n<p>Habib Beye<\/p>\n<p class=\"ftvi_citation_source\">Entra\u00eeneur du Stade rennais<\/p>\n<\/blockquote>\n<p>\u00ab\u00a0L&rsquo;ensemble de mon groupe a \u00e9t\u00e9, je dirais, presque h\u00e9ro\u00efque, mais c&rsquo;est surtout qu&rsquo;il a \u00e9t\u00e9 fantastique. Parce que les h\u00e9ros, c&rsquo;est sur la (dur\u00e9e) d&rsquo;une saison, ce n&rsquo;est pas juste sur un \u00ab\u00a0one shot\u00a0\u00bb\u00a0\u00bb, a expliqu\u00e9 le technicien apr\u00e8s le match.<\/p>\n<p>\u00ab\u00a0J&rsquo;ai surtout dit \u00e0 mes gar\u00e7ons que (leur prestation du soir&#8230;) \u00e9tait le standard requis pour qu&rsquo;on soit une \u00e9quipe qui compte cette saison\u00a0\u00bb, a-t-il pr\u00e9cis\u00e9.<\/p>\n<p>On \u00ab\u00a0savait, dans la pr\u00e9paration, qu&rsquo;on n&rsquo;aurait pas forc\u00e9ment la possession du ballon\u00a0\u00bb, a-t-il soulign\u00e9.<\/p>\n<p>\u00ab\u00a0Par contre, on savait aussi, et je l&rsquo;avais dit \u00e0 mes gar\u00e7ons, qu&rsquo;on serait en capacit\u00e9 de leur faire tr\u00e8s mal et de leur poser de gros probl\u00e8mes\u00a0\u00bb en contre, a-t-il ajout\u00e9.<\/p>\n<p>Si le carton rouge re\u00e7u par le jeune d\u00e9fenseur Abelhamid A\u00eft Boudlal peu apr\u00e8s la demi-heure de jeu a chang\u00e9 la donne, \u00ab\u00a0on est rest\u00e9 concentr\u00e9 sur notre plan de jeu et sur la strat\u00e9gie qu&rsquo;on avait mise en place\u00a0\u00bb.<\/p>\n<p>\u00ab\u00a0Jusqu&rsquo;au bout, je savais qu&rsquo;on aurait des opportunit\u00e9s et cette opportunit\u00e9 a souri \u00e0 Ludovic Blas\u00a0\u00bb, lors de la premi\u00e8re minute du temps additionnel, six minutes apr\u00e8s son entr\u00e9e en jeu, a-t-il poursuivi.<\/p>\n<p>Beye est aussi revenu sur le choix de confier le brassard de capitaine \u00e0 Valentin Rongier, arriv\u00e9 de Marseille cet \u00e9t\u00e9 mais surtout <a href=\"https:\/\/france3-regions.franceinfo.fr\/bretagne\/ille-et-vilaine\/rennes\/ligue-1-l-ancien-nantais-valentin-rongier-en-passe-de-signer-au-stade-rennais-un-affront-pour-les-supporters-rennais-3191001.html\" rel=\"nofollow noopener\" target=\"_blank\">qui a pass\u00e9 18 ans au FC Nantes, club honni sur les bords de la Vilaine<\/a>.<\/p>\n<blockquote class=\"twitter-tweet\">\n<p dir=\"ltr\" lang=\"fr\">\ud83d\udea8 \u00ab \ud835\uddd9\ud835\uddd4\ud835\udddc\ud835\udde5\ud835\uddd8 \ud835\udde8\ud835\udde1\ud835\uddd8 \ud835\udde5\ud835\udde2\ud835\udde1\ud835\uddda\ud835\udddc\ud835\uddd8\ud835\udde5 : \ud835\udddd\ud835\uddd8\ud835\udde7\ud835\uddd8\ud835\udde5 \ud835\udde6\ud835\udde2\ud835\udde1 \ud835\udddb\ud835\udde2\ud835\udde1\ud835\udde1\ud835\uddd8\ud835\udde8\ud835\udde5 \ud835\uddd4\ud835\udde8 \ud835\uddd6\ud835\uddd4\ud835\udde1\ud835\udddc\ud835\udde9\ud835\uddd8\ud835\uddd4\ud835\udde8, \ud835\udde3\ud835\uddd8\ud835\udde5\ud835\uddd7\ud835\udde5\ud835\uddd8 \ud835\udde7\ud835\udde2\ud835\udde8\ud835\udde7\ud835\uddd8 \ud835\uddd6\ud835\udde5\ud835\uddd8\u0301\ud835\uddd7\ud835\udddc\ud835\uddd5\ud835\udddc\ud835\udddf\ud835\udddc\ud835\udde7\ud835\uddd8\u0301 \ud835\uddd8\ud835\udde7 \ud835\udde5\ud835\uddd8\ud835\udde6\ud835\udde3\ud835\uddd8\ud835\uddd6\ud835\udde7 \ud835\udde3\ud835\udde2\ud835\udde8\ud835\udde5 \ud835\udde6\ud835\uddd4 \ud835\udde3\ud835\udde5\ud835\udde2\ud835\udde3\ud835\udde5\ud835\uddd8 \ud835\udde3\ud835\uddd8\ud835\udde5\ud835\udde6\ud835\udde2\ud835\udde1\ud835\udde1\ud835\uddd8. \u00bb \ud83e\udd76<br \/>La banderole des ultras rennais visant Valentin Rongier \ud83c\uddeb\ud83c\uddf7\u2026 <a href=\"https:\/\/t.co\/m4kjAnLhfH\" rel=\"nofollow\">pic.twitter.com\/m4kjAnLhfH<\/a><\/p>\n<p>\u2014 Actu Foot (@ActuFoot_) <a href=\"https:\/\/twitter.com\/ActuFoot_\/status\/1956420036064620622?ref_src=twsrc%5Etfw\" rel=\"nofollow noopener\" target=\"_blank\">August 15, 2025<\/a><\/p><\/blockquote>\n<p>Le milieu de terrain a d&rsquo;ailleurs \u00e9t\u00e9 la cible de banderoles hostiles du Roazhon Celtic Kop, le principal groupe de supporters rennais, avant d&rsquo;animer finalement le \u00ab\u00a0clapping\u00a0\u00bb de c\u00e9l\u00e9bration devant le m\u00eame kop, apr\u00e8s la victoire.<\/p>\n<p>Valentin \u00ab\u00a0correspond \u00e0 l&rsquo;identit\u00e9 qu&rsquo;on veut avoir dans ce club et il est d\u00e9j\u00e0 un rouge et noir, il l&rsquo;a montr\u00e9 ce soir avec la pression qui glisse sur lui parce qu&rsquo;il a l&rsquo;exp\u00e9rience pour \u00e7a et je suis tr\u00e8s content du r\u00f4le qu&rsquo;il a rempli ce soir et tr\u00e8s content du capitaine qu&rsquo;il sera pour cette \u00e9quipe\u00a0\u00bb, a tranch\u00e9 Beye.<\/p>\n<p>  <script async src=\"https:\/\/platform.twitter.com\/widgets.js\" charset=\"utf-8\"><\/script><\/p>\n","protected":false},"excerpt":{"rendered":"Pour l&rsquo;ouverture du championnat de Ligue\u00a01, les Rouge et noir se sont impos\u00e9s in extremis 1-0 face \u00e0&hellip;\n","protected":false},"author":2,"featured_media":322960,"comment_status":"","ping_status":"","sticky":false,"template":"","format":"standard","meta":{"footnotes":""},"categories":[2814],"tags":[1111,11,1777,674,1011,27,884,12,882,25],"class_list":{"0":"post-322959","1":"post","2":"type-post","3":"status-publish","4":"format-standard","5":"has-post-thumbnail","7":"category-marseille","8":"tag-actu","9":"tag-actualites","10":"tag-eu","11":"tag-europe","12":"tag-fr","13":"tag-france","14":"tag-marseille","15":"tag-news","16":"tag-provence-alpes-cote-dazur","17":"tag-republique-francaise"},"share_on_mastodon":{"url":"https:\/\/pubeurope.com\/@fr\/115038659821222397","error":""},"_links":{"self":[{"href":"https:\/\/www.europesays.com\/fr\/wp-json\/wp\/v2\/posts\/322959","targetHints":{"allow":["GET"]}}],"collection":[{"href":"https:\/\/www.europesays.com\/fr\/wp-json\/wp\/v2\/posts"}],"about":[{"href":"https:\/\/www.europesays.com\/fr\/wp-json\/wp\/v2\/types\/post"}],"author":[{"embeddable":true,"href":"https:\/\/www.europesays.com\/fr\/wp-json\/wp\/v2\/users\/2"}],"replies":[{"embeddable":true,"href":"https:\/\/www.europesays.com\/fr\/wp-json\/wp\/v2\/comments?post=322959"}],"version-history":[{"count":0,"href":"https:\/\/www.europesays.com\/fr\/wp-json\/wp\/v2\/posts\/322959\/revisions"}],"wp:featuredmedia":[{"embeddable":true,"href":"https:\/\/www.europesays.com\/fr\/wp-json\/wp\/v2\/media\/322960"}],"wp:attachment":[{"href":"https:\/\/www.europesays.com\/fr\/wp-json\/wp\/v2\/media?parent=322959"}],"wp:term":[{"taxonomy":"category","embeddable":true,"href":"https:\/\/www.europesays.com\/fr\/wp-json\/wp\/v2\/categories?post=322959"},{"taxonomy":"post_tag","embeddable":true,"href":"https:\/\/www.europesays.com\/fr\/wp-json\/wp\/v2\/tags?post=322959"}],"curies":[{"name":"wp","href":"https:\/\/api.w.org\/{rel}","templated":true}]}}