{"id":322961,"date":"2025-08-16T13:23:10","date_gmt":"2025-08-16T13:23:10","guid":{"rendered":"https:\/\/www.europesays.com\/fr\/322961\/"},"modified":"2025-08-16T13:23:10","modified_gmt":"2025-08-16T13:23:10","slug":"un-homme-grievement-blesse-apres-un-accident","status":"publish","type":"post","link":"https:\/\/www.europesays.com\/fr\/322961\/","title":{"rendered":"un homme gri\u00e8vement bless\u00e9 apr\u00e8s un accident"},"content":{"rendered":"<p class=\"content\" style=\"font-size:1.2em;font-weight:700\">Les pompiers de l\u2019Ain sont intervenus vendredi soir sur deux accidents distincts, survenus \u00e0 une minute d\u2019intervalle, dont l\u2019un a gri\u00e8vement bless\u00e9 un jeune homme \u00e0 Versailleux.<\/p>\n<p>Selon le bulletin de renseignement quotidien des sapeurs-pompiers, consult\u00e9 par <a href=\"https:\/\/www.leprogres.fr\/faits-divers-justice\/2025\/08\/16\/deux-accidents-nocturnes-a-la-suite-dans-le-departement\" target=\"_blank\" rel=\"noreferrer noopener nofollow\">Le Progr\u00e8s<\/a>, le premier accident est survenu \u00e0 23 h 37 vendredi 15 ao\u00fbt sur la route de Villars (D904), \u00e0 Versailleux (Ain). Une seule voiture a \u00e9t\u00e9 impliqu\u00e9e. La victime, un homme de 24 ans, a \u00e9t\u00e9 \u00e9ject\u00e9e de son v\u00e9hicule et retrouv\u00e9e en arr\u00eat cardiaque \u00e0 l\u2019arriv\u00e9e des secours. R\u00e9anim\u00e9 sur place, il a \u00e9t\u00e9 transport\u00e9 en urgence vers un h\u00f4pital.<\/p>\n<p>\u00c0 23 h 38, un second accident a mobilis\u00e9 les sapeurs-pompiers sur l\u2019A42, au niveau de P\u00e9rouges (Ain), dans le sens ouest-est. Trois voitures \u00e9taient impliqu\u00e9es, avec dix personnes au total \u00e0 bord. Deux bless\u00e9s l\u00e9gers ont \u00e9t\u00e9 pris en charge et transport\u00e9s \u00e0 l\u2019h\u00f4pital.<\/p>\n","protected":false},"excerpt":{"rendered":"Les pompiers de l\u2019Ain sont intervenus vendredi soir sur deux accidents distincts, survenus \u00e0 une minute d\u2019intervalle, dont&hellip;\n","protected":false},"author":2,"featured_media":322962,"comment_status":"","ping_status":"","sticky":false,"template":"","format":"standard","meta":{"footnotes":""},"categories":[1889],"tags":[119,1111,11,2738,2430,1777,674,118,1011,27,2428,12,25],"class_list":{"0":"post-322961","1":"post","2":"type-post","3":"status-publish","4":"format-standard","5":"has-post-thumbnail","7":"category-lyon","8":"tag-accident","9":"tag-actu","10":"tag-actualites","11":"tag-ain","12":"tag-auvergne-rhone-alpes","13":"tag-eu","14":"tag-europe","15":"tag-faits-divers","16":"tag-fr","17":"tag-france","18":"tag-lyon","19":"tag-news","20":"tag-republique-francaise"},"share_on_mastodon":{"url":"https:\/\/pubeurope.com\/@fr\/115038663739286964","error":""},"_links":{"self":[{"href":"https:\/\/www.europesays.com\/fr\/wp-json\/wp\/v2\/posts\/322961","targetHints":{"allow":["GET"]}}],"collection":[{"href":"https:\/\/www.europesays.com\/fr\/wp-json\/wp\/v2\/posts"}],"about":[{"href":"https:\/\/www.europesays.com\/fr\/wp-json\/wp\/v2\/types\/post"}],"author":[{"embeddable":true,"href":"https:\/\/www.europesays.com\/fr\/wp-json\/wp\/v2\/users\/2"}],"replies":[{"embeddable":true,"href":"https:\/\/www.europesays.com\/fr\/wp-json\/wp\/v2\/comments?post=322961"}],"version-history":[{"count":0,"href":"https:\/\/www.europesays.com\/fr\/wp-json\/wp\/v2\/posts\/322961\/revisions"}],"wp:featuredmedia":[{"embeddable":true,"href":"https:\/\/www.europesays.com\/fr\/wp-json\/wp\/v2\/media\/322962"}],"wp:attachment":[{"href":"https:\/\/www.europesays.com\/fr\/wp-json\/wp\/v2\/media?parent=322961"}],"wp:term":[{"taxonomy":"category","embeddable":true,"href":"https:\/\/www.europesays.com\/fr\/wp-json\/wp\/v2\/categories?post=322961"},{"taxonomy":"post_tag","embeddable":true,"href":"https:\/\/www.europesays.com\/fr\/wp-json\/wp\/v2\/tags?post=322961"}],"curies":[{"name":"wp","href":"https:\/\/api.w.org\/{rel}","templated":true}]}}