{"id":322966,"date":"2025-08-16T13:28:20","date_gmt":"2025-08-16T13:28:20","guid":{"rendered":"https:\/\/www.europesays.com\/fr\/322966\/"},"modified":"2025-08-16T13:28:20","modified_gmt":"2025-08-16T13:28:20","slug":"score-de-parite-entre-paris-et-aston-villa","status":"publish","type":"post","link":"https:\/\/www.europesays.com\/fr\/322966\/","title":{"rendered":"Score de parit\u00e9 entre Paris et Aston Villa"},"content":{"rendered":"<p class=\"typography-paragraph mb-4 md:mb-6\">La pr\u00e9paration continuait du c\u00f4t\u00e9 de Deauville pour les Parisiennes ce vendredi. \u00c0 quelques semaines de la reprise du championnat, plusieurs joueuses du centre de formation Rouge et Bleu \u00e9taient de nouveau align\u00e9es d\u2019entr\u00e9e pour d\u00e9fier Aston Villa, sixi\u00e8me du dernier championnat anglais. Entour\u00e9es de cadres tels que Mary Earps, Crystal Dunn, Jade Le Guilly (capitaine) ou encore Eva Gaetino, les jeunes Titis No\u00e9mie Fatier, Tara Elimbi Gilbert, Tant\u00e9 Diakit\u00e9, Ana\u00efs Ebayilin et L\u00e9a Morissaint d\u00e9butaient cette deuxi\u00e8me rencontre amicale, tandis que Froya Dorsin et la Canadienne Florianne Jourde, arriv\u00e9e cet \u00e9t\u00e9 en provenance de la formation am\u00e9ricaine de l\u2019USC Trojans, compl\u00e9taient ce second onze de d\u00e9part de cette pr\u00e9saison en prenant place en attaque.<\/p>\n","protected":false},"excerpt":{"rendered":"La pr\u00e9paration continuait du c\u00f4t\u00e9 de Deauville pour les Parisiennes ce vendredi. \u00c0 quelques semaines de la reprise&hellip;\n","protected":false},"author":2,"featured_media":322967,"comment_status":"","ping_status":"","sticky":false,"template":"","format":"standard","meta":{"footnotes":""},"categories":[1888],"tags":[1111,1928,11,1927,1777,674,1011,27,12,1926,626,1925,25],"class_list":{"0":"post-322966","1":"post","2":"type-post","3":"status-publish","4":"format-standard","5":"has-post-thumbnail","7":"category-paris","8":"tag-actu","9":"tag-actu-paris","10":"tag-actualites","11":"tag-actualites-paris","12":"tag-eu","13":"tag-europe","14":"tag-fr","15":"tag-france","16":"tag-news","17":"tag-news-paris","18":"tag-paris","19":"tag-paris-news","20":"tag-republique-francaise"},"share_on_mastodon":{"url":"https:\/\/pubeurope.com\/@fr\/115038683433423095","error":""},"_links":{"self":[{"href":"https:\/\/www.europesays.com\/fr\/wp-json\/wp\/v2\/posts\/322966","targetHints":{"allow":["GET"]}}],"collection":[{"href":"https:\/\/www.europesays.com\/fr\/wp-json\/wp\/v2\/posts"}],"about":[{"href":"https:\/\/www.europesays.com\/fr\/wp-json\/wp\/v2\/types\/post"}],"author":[{"embeddable":true,"href":"https:\/\/www.europesays.com\/fr\/wp-json\/wp\/v2\/users\/2"}],"replies":[{"embeddable":true,"href":"https:\/\/www.europesays.com\/fr\/wp-json\/wp\/v2\/comments?post=322966"}],"version-history":[{"count":0,"href":"https:\/\/www.europesays.com\/fr\/wp-json\/wp\/v2\/posts\/322966\/revisions"}],"wp:featuredmedia":[{"embeddable":true,"href":"https:\/\/www.europesays.com\/fr\/wp-json\/wp\/v2\/media\/322967"}],"wp:attachment":[{"href":"https:\/\/www.europesays.com\/fr\/wp-json\/wp\/v2\/media?parent=322966"}],"wp:term":[{"taxonomy":"category","embeddable":true,"href":"https:\/\/www.europesays.com\/fr\/wp-json\/wp\/v2\/categories?post=322966"},{"taxonomy":"post_tag","embeddable":true,"href":"https:\/\/www.europesays.com\/fr\/wp-json\/wp\/v2\/tags?post=322966"}],"curies":[{"name":"wp","href":"https:\/\/api.w.org\/{rel}","templated":true}]}}