{"id":322978,"date":"2025-08-16T13:34:13","date_gmt":"2025-08-16T13:34:13","guid":{"rendered":"https:\/\/www.europesays.com\/fr\/322978\/"},"modified":"2025-08-16T13:34:13","modified_gmt":"2025-08-16T13:34:13","slug":"illuminations-pour-le-80e-anniversaire-du-jour-de-la-victoire-britannique-sur-le-japon-xinhua","status":"publish","type":"post","link":"https:\/\/www.europesays.com\/fr\/322978\/","title":{"rendered":"Illuminations pour le 80e anniversaire du Jour de la victoire britannique sur le Japon &#8211; Xinhua"},"content":{"rendered":"<p><img decoding=\"async\" style=\" display: block; margin-left: auto; margin-right: auto;\" src=\"https:\/\/www.europesays.com\/fr\/wp-content\/uploads\/2025\/08\/20250816253db39e81b54cafa1c773cfecd58ba1_c4f5f028c50146698f367d2572977509.JPG\"\/><\/p>\n<p style=\"text-align: center;\">LONDRES, 16 ao\u00fbt (Xinhua) &#8212; Big Ben est illumin\u00e9 pour marquer le 80e anniversaire du Jour de la victoire britannique sur le Japon, \u00e0 Londres, au Royaume-Uni, le 15 ao\u00fbt 2025. Le royaume a comm\u00e9mor\u00e9 vendredi cet \u00e9v\u00e9nement avec une s\u00e9rie de manifestations. A partir de 21h, des centaines de b\u00e2timents et de sites ont \u00e9t\u00e9 illumin\u00e9s \u00e0 cette occasion, notamment le palais de Buckingham, le 10 Downing Street, le Parlement, la Tour de Londres et les falaises de Douvres. (Xinhua\/Ray Tang)<\/p>\n<p style=\"text-align: center;\"><img decoding=\"async\" src=\"https:\/\/www.europesays.com\/fr\/wp-content\/uploads\/2025\/08\/20250816253db39e81b54cafa1c773cfecd58ba1_b009197084f049498de9b1f27e68c217.JPG\"\/><\/p>\n<p style=\"text-align: center;\">LONDRES, 16 ao\u00fbt (Xinhua) &#8212; Le Parlement est illumin\u00e9 pour marquer le 80e anniversaire du Jour de la victoire britannique sur le Japon, \u00e0 Londres, au Royaume-Uni, le 15 ao\u00fbt 2025. Le royaume a comm\u00e9mor\u00e9 vendredi cet \u00e9v\u00e9nement avec une s\u00e9rie de manifestations. A partir de 21h, des centaines de b\u00e2timents et de sites ont \u00e9t\u00e9 illumin\u00e9s \u00e0 cette occasion, notamment le palais de Buckingham, le 10 Downing Street, le Parlement, la Tour de Londres et les falaises de Douvres. (Xinhua\/Ray Tang)<\/p>\n<p style=\"text-align: center;\"><img decoding=\"async\" style=\"\" src=\"https:\/\/www.europesays.com\/fr\/wp-content\/uploads\/2025\/08\/20250816253db39e81b54cafa1c773cfecd58ba1_593af6b8563a490181902930aaceb443.JPG\"\/><\/p>\n<p style=\"text-align: center;\">LONDRES, 16 ao\u00fbt (Xinhua) &#8212; Le palais de Buckingham est illumin\u00e9 pour marquer le 80e anniversaire du Jour de la victoire britannique sur le Japon, \u00e0 Londres, au Royaume-Uni, le 15 ao\u00fbt 2025. Le royaume a comm\u00e9mor\u00e9 vendredi cet \u00e9v\u00e9nement avec une s\u00e9rie de manifestations. A partir de 21h, des centaines de b\u00e2timents et de sites ont \u00e9t\u00e9 illumin\u00e9s \u00e0 cette occasion, notamment le palais de Buckingham, le 10 Downing Street, le Parlement, la Tour de Londres et les falaises de Douvres. (Xinhua\/Ray Tang)<\/p>\n","protected":false},"excerpt":{"rendered":"LONDRES, 16 ao\u00fbt (Xinhua) &#8212; Big Ben est illumin\u00e9 pour marquer le 80e anniversaire du Jour de la&hellip;\n","protected":false},"author":2,"featured_media":322979,"comment_status":"","ping_status":"","sticky":false,"template":"","format":"standard","meta":{"footnotes":""},"categories":[1588],"tags":[11,1777,674,46049,12,473,1853,1851,1850,1852],"class_list":{"0":"post-322978","1":"post","2":"type-post","3":"status-publish","4":"format-standard","5":"has-post-thumbnail","7":"category-royaume-uni","8":"tag-actualites","9":"tag-eu","10":"tag-europe","11":"tag-jour-de-la-victoire-sur-le-japon","12":"tag-news","13":"tag-royaume-uni","14":"tag-royaume-uni-de-grande-bretagne-et-dirlande-du-nord","15":"tag-uk","16":"tag-united-kingdom","17":"tag-united-kingdom-of-great-britain-and-northern-ireland"},"share_on_mastodon":{"url":"https:\/\/pubeurope.com\/@fr\/115038707192827934","error":""},"_links":{"self":[{"href":"https:\/\/www.europesays.com\/fr\/wp-json\/wp\/v2\/posts\/322978","targetHints":{"allow":["GET"]}}],"collection":[{"href":"https:\/\/www.europesays.com\/fr\/wp-json\/wp\/v2\/posts"}],"about":[{"href":"https:\/\/www.europesays.com\/fr\/wp-json\/wp\/v2\/types\/post"}],"author":[{"embeddable":true,"href":"https:\/\/www.europesays.com\/fr\/wp-json\/wp\/v2\/users\/2"}],"replies":[{"embeddable":true,"href":"https:\/\/www.europesays.com\/fr\/wp-json\/wp\/v2\/comments?post=322978"}],"version-history":[{"count":0,"href":"https:\/\/www.europesays.com\/fr\/wp-json\/wp\/v2\/posts\/322978\/revisions"}],"wp:featuredmedia":[{"embeddable":true,"href":"https:\/\/www.europesays.com\/fr\/wp-json\/wp\/v2\/media\/322979"}],"wp:attachment":[{"href":"https:\/\/www.europesays.com\/fr\/wp-json\/wp\/v2\/media?parent=322978"}],"wp:term":[{"taxonomy":"category","embeddable":true,"href":"https:\/\/www.europesays.com\/fr\/wp-json\/wp\/v2\/categories?post=322978"},{"taxonomy":"post_tag","embeddable":true,"href":"https:\/\/www.europesays.com\/fr\/wp-json\/wp\/v2\/tags?post=322978"}],"curies":[{"name":"wp","href":"https:\/\/api.w.org\/{rel}","templated":true}]}}