{"id":322984,"date":"2025-08-16T13:37:12","date_gmt":"2025-08-16T13:37:12","guid":{"rendered":"https:\/\/www.europesays.com\/fr\/322984\/"},"modified":"2025-08-16T13:37:12","modified_gmt":"2025-08-16T13:37:12","slug":"football-on-a-eu-beaucoup-de-chance-accident-spectaculaire-dun-club-amateur-le-match-annule","status":"publish","type":"post","link":"https:\/\/www.europesays.com\/fr\/322984\/","title":{"rendered":"Football\u00a0: \u00ab\u00a0On a eu beaucoup de chance\u2026\u00a0\u00bb Accident spectaculaire d\u2019un club amateur, le match annul\u00e9"},"content":{"rendered":"<p>\n                                                                    l&rsquo;essentiel<br \/>\n                                                                Un pneu \u00e9clat\u00e9, un bus retourn\u00e9 sur l\u2019autoroute et cinq joueurs hospitalis\u00e9s\u00a0: l\u2019US Laon a fr\u00f4l\u00e9 le drame lors d\u2019un d\u00e9placement amical. L\u2019accident aurait pu virer au cauchemar.\n                            <\/p>\n<p>Vendredi 15\u00a0ao\u00fbt 2025 restera grav\u00e9 dans la m\u00e9moire de l\u2019US Laon (Aisne). Alors que le club de R\u00e9gional 1 se rendait au Touquet pour un match amical, le bus transportant les joueurs a \u00e9t\u00e9 violemment renvers\u00e9 sur l\u2019autoroute A29, \u00e0 hauteur de Saint-Quentin, suite \u00e0 l\u2019\u00e9clatement d\u2019un pneu. L\u2019accident spectaculaire a provoqu\u00e9 l\u2019annulation imm\u00e9diate de la rencontre, mais, heureusement, le pire a \u00e9t\u00e9 \u00e9vit\u00e9.<\/p>\n<p>Selon les premiers t\u00e9moignages, et comme le relate <a href=\"https:\/\/france3-regions.franceinfo.fr\/hauts-de-france\/aisne\/accident-de-la-route-ce-club-de-football-est-contraint-de-reporter-son-match-on-a-eu-beaucoup-de-chance-3202607.html\" target=\"_blank\" rel=\"nofollow noopener\">France 3 Hauts de France<\/a>, le v\u00e9hicule a heurt\u00e9 une barri\u00e8re en b\u00e9ton avant de se coucher sur le c\u00f4t\u00e9 gauche, bloquant temporairement la circulation et provoquant un moment de panique parmi les joueurs et le personnel accompagnant.<\/p>\n<p class=\"std-elt__inline\">\n        <strong>\u00c0 lire aussi :<\/strong><br \/>\n        <a href=\"https:\/\/www.ladepeche.fr\/2025\/07\/22\/accidents-de-la-route-cest-quoi-ce-nouveau-disque-magnetique-qui-va-faire-son-apparition-pour-le-transport-de-footballeurs-12832153.php\" rel=\"nofollow noopener\" target=\"_blank\">Accidents de la route\u00a0: c\u2019est quoi ce nouveau disque magn\u00e9tique qui va faire son apparition pour le transport de footballeurs\u00a0?<\/a>\n    <\/p>\n<p>Cinq des huit occupants ont \u00e9t\u00e9 transf\u00e9r\u00e9s aux urgences de Saint-Quentin, souffrant de blessures l\u00e9g\u00e8res, notamment au poignet, \u00e0 l\u2019\u00e9paule ou aux cervicales. Tous ont pu quitter l\u2019h\u00f4pital d\u00e8s le lendemain, sains et saufs. \u00ab\u00a0On a eu beaucoup de chance\u00a0\u00bb, a comment\u00e9 aupr\u00e8s de nos confr\u00e8res Gervais Ndecky, le conducteur du bus, reconnaissant envers les secours pour leur r\u00e9activit\u00e9.<\/p>\n<p>Sur ses r\u00e9seaux sociaux, l\u2019US Laon a tenu \u00e0 rassurer ses supporters\u00a0: \u00ab\u00a0Plus de peur que de mal\u00a0\u00bb, a \u00e9crit le club, remerciant \u00ab\u00a0les services d\u2019urgence pour leur efficacit\u00e9 et leur rapidit\u00e9\u00a0\u00bb. De son c\u00f4t\u00e9, le Touquet ACFCO a adress\u00e9 un message de soutien\u00a0: \u00ab\u00a0Nous souhaitons un bon r\u00e9tablissement aux joueurs bless\u00e9s et esp\u00e9rons les revoir rapidement sur le terrain.\u00a0\u00bb<\/p>\n<p class=\"std-elt__inline\">\n        <strong>\u00c0 lire aussi :<\/strong><br \/>\n        <a href=\"https:\/\/www.ladepeche.fr\/2025\/04\/15\/grave-accident-lors-dun-match-de-football-en-ariege-un-joueur-de-29-ans-gravement-blesse-heliporte-au-chu-de-purpan-12638167.php\" rel=\"nofollow noopener\" target=\"_blank\">Grave accident lors d\u2019un match de football en Ari\u00e8ge\u00a0: gravement bless\u00e9, un joueur de 29 ans h\u00e9liport\u00e9 au CHU de Purpan<\/a>\n    <\/p>\n<p>Le club laonnois a d\u00e9j\u00e0 pr\u00e9vu de reprendre ses activit\u00e9s sportives d\u00e8s ce dimanche 17\u00a0ao\u00fbt, pour un match amical \u00e0 domicile contre Camon. Certains joueurs seront toutefois absents, devant se remettre compl\u00e8tement de ce traumatisme physique et \u00e9motionnel.<\/p>\n","protected":false},"excerpt":{"rendered":"l&rsquo;essentiel Un pneu \u00e9clat\u00e9, un bus retourn\u00e9 sur l\u2019autoroute et cinq joueurs hospitalis\u00e9s\u00a0: l\u2019US Laon a fr\u00f4l\u00e9 le&hellip;\n","protected":false},"author":2,"featured_media":322985,"comment_status":"","ping_status":"","sticky":false,"template":"","format":"standard","meta":{"footnotes":""},"categories":[1586],"tags":[11,1777,674,1779,1011,27,12,25,1778,364],"class_list":{"0":"post-322984","1":"post","2":"type-post","3":"status-publish","4":"format-standard","5":"has-post-thumbnail","7":"category-europe","8":"tag-actualites","9":"tag-eu","10":"tag-europe","11":"tag-european-union","12":"tag-fr","13":"tag-france","14":"tag-news","15":"tag-republique-francaise","16":"tag-ue","17":"tag-union-europeenne"},"share_on_mastodon":{"url":"https:\/\/pubeurope.com\/@fr\/115038718841641360","error":""},"_links":{"self":[{"href":"https:\/\/www.europesays.com\/fr\/wp-json\/wp\/v2\/posts\/322984","targetHints":{"allow":["GET"]}}],"collection":[{"href":"https:\/\/www.europesays.com\/fr\/wp-json\/wp\/v2\/posts"}],"about":[{"href":"https:\/\/www.europesays.com\/fr\/wp-json\/wp\/v2\/types\/post"}],"author":[{"embeddable":true,"href":"https:\/\/www.europesays.com\/fr\/wp-json\/wp\/v2\/users\/2"}],"replies":[{"embeddable":true,"href":"https:\/\/www.europesays.com\/fr\/wp-json\/wp\/v2\/comments?post=322984"}],"version-history":[{"count":0,"href":"https:\/\/www.europesays.com\/fr\/wp-json\/wp\/v2\/posts\/322984\/revisions"}],"wp:featuredmedia":[{"embeddable":true,"href":"https:\/\/www.europesays.com\/fr\/wp-json\/wp\/v2\/media\/322985"}],"wp:attachment":[{"href":"https:\/\/www.europesays.com\/fr\/wp-json\/wp\/v2\/media?parent=322984"}],"wp:term":[{"taxonomy":"category","embeddable":true,"href":"https:\/\/www.europesays.com\/fr\/wp-json\/wp\/v2\/categories?post=322984"},{"taxonomy":"post_tag","embeddable":true,"href":"https:\/\/www.europesays.com\/fr\/wp-json\/wp\/v2\/tags?post=322984"}],"curies":[{"name":"wp","href":"https:\/\/api.w.org\/{rel}","templated":true}]}}