{"id":322996,"date":"2025-08-16T13:46:11","date_gmt":"2025-08-16T13:46:11","guid":{"rendered":"https:\/\/www.europesays.com\/fr\/322996\/"},"modified":"2025-08-16T13:46:11","modified_gmt":"2025-08-16T13:46:11","slug":"motogp-marc-marquez-remporte-la-course-sprint-en-autriche-devant-son-frere-alex","status":"publish","type":"post","link":"https:\/\/www.europesays.com\/fr\/322996\/","title":{"rendered":"MotoGP. Marc Marquez remporte la course sprint en Autriche devant son fr\u00e8re Alex"},"content":{"rendered":"<p>Bien parti ce samedi sur le Red Bull Ring au contraire de son \u00e9quipier Francesco Bagnaia, <a href=\"https:\/\/www.ledauphine.com\/p\/marc-marquez\" target=\"_blank\" rel=\"noopener\">Marc Marquez<\/a> (Ducatti) a une nouvelle fois domin\u00e9 la course sprint en Autriche.\u00a0<\/p>\n<p>L&rsquo;Espagnol, sextuple champion du monde MotoGP, a devanc\u00e9 son fr\u00e8re Alex (Ducati-Gresini) qu&rsquo;il a d\u00e9pass\u00e9 \u00e0 5 tours de l&rsquo;arriv\u00e9e pour s&rsquo;offrir une <a href=\"https:\/\/www.ledauphine.com\/sport\/2025\/08\/15\/chasse-gardee-marathon-ring-l-intouchable-marc-marquez-en-quete-d-une-premiere-en-autriche\" target=\"_blank\" rel=\"noopener\">premi\u00e8re victoire en cat\u00e9gorie reine sur ce trac\u00e9<\/a>. Un autre Espagnol, Pedro Acosta (KTM), a pris la troisi\u00e8me place.\u00a0<\/p>\n<p>  Bagnaia se manque puis abandonne<\/p>\n<p>Parti en pole position sur le trac\u00e9 du Red Bull Ring, l&rsquo;Italien Marco Bezzecchi a termin\u00e9 quatri\u00e8me au guidon de son Aprilia.\u00a0<\/p>\n<p>Grand perdant du jour, le double champion du monde italien Francesco Bagnaia (Ducati), a abandonn\u00e9. Troisi\u00e8me sur la grille, l&rsquo;Italien a totalement cafouill\u00e9 son d\u00e9part, tombant \u00e0 la 14e place dans les premiers hectom\u00e8tres de la course.\u00a0<\/p>\n<p>Incapable de remonter dans la hi\u00e9rarchie, le pilote a jet\u00e9 l&rsquo;\u00e9ponge \u00e0 la mi-course. La raison de son abandon n&rsquo;est pas connue pour l&rsquo;heure.<\/p>\n<p>Zarco dans les points<\/p>\n<p>Le Fran\u00e7ais <a href=\"https:\/\/www.ledauphine.com\/p\/johann-zarco\" target=\"_blank\" rel=\"noopener\">Johann Zarco<\/a> (Honda-LCR) a fini 9e, devant le champion en titre Jorge Martin (Aprilia) et l&rsquo;autre Fran\u00e7ais de la grille, le champion du monde 2021 <a href=\"https:\/\/www.ledauphine.com\/p\/fabio-quartararo\" target=\"_blank\" rel=\"noopener\">Fabio Quartararo<\/a> (Yamaha), 11e.<\/p>\n<p>Au championnat pilotes, Marc Marquez, vainqueur de 12 des 13 sprints disput\u00e9s depuis le d\u00e9but de la saison, dispose d\u00e9sormais d&rsquo;une avance de 123 points sur son fr\u00e8re cadet Alex, un \u00e9cart qui monte \u00e0 180 points avec le troisi\u00e8me du g\u00e9n\u00e9ral, son co\u00e9quipier chez Ducati Bagnaia.<\/p>\n","protected":false},"excerpt":{"rendered":"Bien parti ce samedi sur le Red Bull Ring au contraire de son \u00e9quipier Francesco Bagnaia, Marc Marquez&hellip;\n","protected":false},"author":2,"featured_media":322997,"comment_status":"","ping_status":"","sticky":false,"template":"","format":"standard","meta":{"footnotes":""},"categories":[1413],"tags":[1976,107,1011,27,1457,1456,517,1947,60],"class_list":{"0":"post-322996","1":"post","2":"type-post","3":"status-publish","4":"format-standard","5":"has-post-thumbnail","7":"category-moto","8":"tag-auto-moto","9":"tag-fil-info","10":"tag-fr","11":"tag-france","12":"tag-moto","13":"tag-motocycle","14":"tag-sport","15":"tag-sport-national","16":"tag-sports"},"share_on_mastodon":{"url":"https:\/\/pubeurope.com\/@fr\/115038754144041885","error":""},"_links":{"self":[{"href":"https:\/\/www.europesays.com\/fr\/wp-json\/wp\/v2\/posts\/322996","targetHints":{"allow":["GET"]}}],"collection":[{"href":"https:\/\/www.europesays.com\/fr\/wp-json\/wp\/v2\/posts"}],"about":[{"href":"https:\/\/www.europesays.com\/fr\/wp-json\/wp\/v2\/types\/post"}],"author":[{"embeddable":true,"href":"https:\/\/www.europesays.com\/fr\/wp-json\/wp\/v2\/users\/2"}],"replies":[{"embeddable":true,"href":"https:\/\/www.europesays.com\/fr\/wp-json\/wp\/v2\/comments?post=322996"}],"version-history":[{"count":0,"href":"https:\/\/www.europesays.com\/fr\/wp-json\/wp\/v2\/posts\/322996\/revisions"}],"wp:featuredmedia":[{"embeddable":true,"href":"https:\/\/www.europesays.com\/fr\/wp-json\/wp\/v2\/media\/322997"}],"wp:attachment":[{"href":"https:\/\/www.europesays.com\/fr\/wp-json\/wp\/v2\/media?parent=322996"}],"wp:term":[{"taxonomy":"category","embeddable":true,"href":"https:\/\/www.europesays.com\/fr\/wp-json\/wp\/v2\/categories?post=322996"},{"taxonomy":"post_tag","embeddable":true,"href":"https:\/\/www.europesays.com\/fr\/wp-json\/wp\/v2\/tags?post=322996"}],"curies":[{"name":"wp","href":"https:\/\/api.w.org\/{rel}","templated":true}]}}