{"id":322998,"date":"2025-08-16T13:47:14","date_gmt":"2025-08-16T13:47:14","guid":{"rendered":"https:\/\/www.europesays.com\/fr\/322998\/"},"modified":"2025-08-16T13:47:14","modified_gmt":"2025-08-16T13:47:14","slug":"monaco-sans-embolo-et-balogun-pour-affronter-le-havre","status":"publish","type":"post","link":"https:\/\/www.europesays.com\/fr\/322998\/","title":{"rendered":"Monaco sans Embolo et Balogun pour affronter Le Havre"},"content":{"rendered":"<p>Les deux joueurs ne figurent pas dans le groupe qui affrontera ce samedi (19h) Le Havre.<\/p>\n<p class=\"fig-paragraph\">Folarin Balogun et Breel Embolo ne joueront pas ce samedi soir contre Le Havre (19h), pour le compte de la premi\u00e8re journ\u00e9e de Ligue 1. Les deux joueurs ne figurent pas dans le groupe mon\u00e9gasque annonc\u00e9 sur les r\u00e9seaux sociaux.<\/p>\n<p class=\"fig-paragraph\">Embolo devrait d\u2019ailleurs quitter le club prochainement. Courtis\u00e9 par plusieurs clubs, l\u2019attaquant pourrait prendre la direction du Qatar. Pour rappel, l\u2019ASM ne pourra pas compter non plus sur ses deux recrues phares\u00a0: Ansu Fati et\u00a0<a href=\"http:\/\/www.lefigaro.fr\/sports\/football\/ligue-1\/monaco-ses-enfants-concurrence-du-psg-reve-des-bleus-les-mots-de-paul-pogba-recrue-star-de-la-ligue-1-20250703\" data-fig-type=\"NewsFlash\" data-gtm-custom-categorie=\"navigation\" data-gtm-custom-action=\"crossclick\" data-gtm-custom-label=\"Contextuel\" data-gtm-event=\"customEventSPE\" data-fig-domain=\"LEFIGARO\" target=\"_blank\" rel=\"noopener\">Paul Pogba<\/a>.<\/p>\n","protected":false},"excerpt":{"rendered":"Les deux joueurs ne figurent pas dans le groupe qui affrontera ce samedi (19h) Le Havre. Folarin Balogun&hellip;\n","protected":false},"author":2,"featured_media":322999,"comment_status":"","ping_status":"","sticky":false,"template":"","format":"standard","meta":{"footnotes":""},"categories":[1412],"tags":[2266,1451,1452,1453,1454,1455,1011,27,4447,60],"class_list":{"0":"post-322998","1":"post","2":"type-post","3":"status-publish","4":"format-standard","5":"has-post-thumbnail","7":"category-f1","8":"tag-as-monaco","9":"tag-f1","10":"tag-formula-1","11":"tag-formula1","12":"tag-formule-1","13":"tag-formule1","14":"tag-fr","15":"tag-france","16":"tag-le-havre-ac","17":"tag-sports"},"share_on_mastodon":{"url":"https:\/\/pubeurope.com\/@fr\/115038758076778736","error":""},"_links":{"self":[{"href":"https:\/\/www.europesays.com\/fr\/wp-json\/wp\/v2\/posts\/322998","targetHints":{"allow":["GET"]}}],"collection":[{"href":"https:\/\/www.europesays.com\/fr\/wp-json\/wp\/v2\/posts"}],"about":[{"href":"https:\/\/www.europesays.com\/fr\/wp-json\/wp\/v2\/types\/post"}],"author":[{"embeddable":true,"href":"https:\/\/www.europesays.com\/fr\/wp-json\/wp\/v2\/users\/2"}],"replies":[{"embeddable":true,"href":"https:\/\/www.europesays.com\/fr\/wp-json\/wp\/v2\/comments?post=322998"}],"version-history":[{"count":0,"href":"https:\/\/www.europesays.com\/fr\/wp-json\/wp\/v2\/posts\/322998\/revisions"}],"wp:featuredmedia":[{"embeddable":true,"href":"https:\/\/www.europesays.com\/fr\/wp-json\/wp\/v2\/media\/322999"}],"wp:attachment":[{"href":"https:\/\/www.europesays.com\/fr\/wp-json\/wp\/v2\/media?parent=322998"}],"wp:term":[{"taxonomy":"category","embeddable":true,"href":"https:\/\/www.europesays.com\/fr\/wp-json\/wp\/v2\/categories?post=322998"},{"taxonomy":"post_tag","embeddable":true,"href":"https:\/\/www.europesays.com\/fr\/wp-json\/wp\/v2\/tags?post=322998"}],"curies":[{"name":"wp","href":"https:\/\/api.w.org\/{rel}","templated":true}]}}