{"id":323000,"date":"2025-08-16T13:48:14","date_gmt":"2025-08-16T13:48:14","guid":{"rendered":"https:\/\/www.europesays.com\/fr\/323000\/"},"modified":"2025-08-16T13:48:14","modified_gmt":"2025-08-16T13:48:14","slug":"elise-chabbey-remporte-la-2e-etape-du-tour-de-romandie-feminin-urska-zigart-prend-la-tete-du-general-lequipe","status":"publish","type":"post","link":"https:\/\/www.europesays.com\/fr\/323000\/","title":{"rendered":"Elise Chabbey remporte la 2e \u00e9tape du Tour de Romandie f\u00e9minin, Urska Zigart prend la t\u00eate du g\u00e9n\u00e9ral &#8211; L&#039;\u00c9quipe"},"content":{"rendered":"<ol>\n<li><a href=\"https:\/\/news.google.com\/rss\/articles\/CBMi8wFBVV95cUxPam9FZVBsR1lvYzJsUnQyMzlZZ2tDX2JUbTVoV1pESkEyMnFVT3BYVERJTnhXN2dUcVB3Y0V4U0tTQmM3SlFxWGNETmVreUdXdGl5MW9ORnRkdENfaVZBVV9ZVXROSnhMTDN6LWlaQm1ObFFILTZmZTRralM3SVBSZWVVLWhod0VvMTNFSTdYTUNoYWFCQk5ldVZvcDEwa2VEVjVXVTA3bHdlcUxmdzcwRjhoY1dzVjNjZTdyVjlzQVNDbUhpMHRhYktsb1RhTUpGcGVBZ0w0WTd0cEZRVlRlNnI1OWpmb0lGUnA5Y1ptemtQelE?oc=5\" target=\"_blank\" rel=\"nofollow noopener\">Elise Chabbey remporte la 2e \u00e9tape du Tour de Romandie f\u00e9minin, Urska Zigart prend la t\u00eate du g\u00e9n\u00e9ral<\/a>&nbsp;&nbsp;L&rsquo;\u00c9quipe<\/li>\n<li><a href=\"https:\/\/news.google.com\/rss\/articles\/CBMiyAFBVV95cUxOemhrOVRmRUw4RWQ0WGJuR2s4YUg2NUlZdl9HbEZkSXVoOTJWR2tlT0FqbklhZS1GczZOekwyV1BCeE9HRlJRbGlQN01TQURpU0xTTXdsN2hUNTM2VnVlZkJ6S2NuVUNLMFNLQWlZalB3aldRekpXaGFxNXdXZnBrMUZWbm9neF9CRlZSclhTbUE3UXBPS3kyYjJYZDFBY0NqZzZSazNxakZnRDFhOVdqTVl4aFRndnVqUFJwOEdXQy1tbnlTVjBrOA?oc=5\" target=\"_blank\" rel=\"nofollow noopener\">Chabbey remporte la 2e \u00e9tape! &#8211; rts.ch &#8211; Cyclisme<\/a>&nbsp;&nbsp;rts.ch<\/li>\n<li><a href=\"https:\/\/news.google.com\/rss\/articles\/CBMiqgFBVV95cUxOYkl0el95RE9CRUdHN20wd2tSR3RZTWpqTEYtVmF3SS1xSTlyaEJXTkVoU2xxVFdfWkJJeUlKRFZybWVUSUl4U1hyOEljU0lSbHhsTGcteU1SQ2ZlMkQ3VTV3MVpMSHlIR2pfaERvbXZiRzcwNjVFck0ycmRNejVkaWFSQUh2cEVxQ2RjOENxNW1FUnBfR2FEVk91SnZHSUktYkJia25FZXNGZw?oc=5\" target=\"_blank\" rel=\"nofollow noopener\">Urska Zigart, la compagne de Tadej Pogacar \u00e9chappe \u00e0 la sanction<\/a>&nbsp;&nbsp;Sports.fr<\/li>\n<li><a href=\"https:\/\/news.google.com\/rss\/articles\/CBMiqwFBVV95cUxNNzlYbmdnWVprMGNHTnN0Ujg0Z2U3YjNyUjdRMEJKc2RkdWZWV1J3WVdlYVR5NXZmeE9Gem1jX1lqbnJ1QmRzaTFKZzlLbjdtQ0F3TWtzb0F3VFZEVkFzZGZHbnlxY3VvM0liOWtDbGl5U1VIenFZbGp0el9GSzgxN1d5RE45Yk56S1Nka29zYS1qdnpHdHR0UkJ5bjlqNi1YS1NSWWxDR0lSYmfSAaoBQVVfeXFMUGUyR3JkcWF4V3FheUxLS3cySXpLYlhwVF8yMXBoZmlfN3VBUHRWaTlsREhVS2QxLVhPdi1kRXkxMFdRUU9DZFZMaHhEVTBicnlVMEdNaHFaVlJ3LXVDWXBWZXBNS1YyNHRpcjVSbTE4R0huTi05c1RXNWxFOGN3ang3ZnFqZjZRcW4xVDZCWDFBN2ZWSW9yOTkxV01nbGRaQ2IzbWp0X0tPdlE?oc=5\" target=\"_blank\" rel=\"nofollow noopener\">Tour de Romandie (F) : Cinq \u00e9quipes exclues !<\/a>&nbsp;&nbsp;Orange Actualit\u00e9s | Sports<\/li>\n<li><a href=\"https:\/\/news.google.com\/rss\/articles\/CBMi9wFBVV95cUxPcjJVZzZaekpja2tjSW52X0JzMFVicUE4b09UaTFmempvNWtrTXlTZ1VaQ3RKZWlGeFM4UnljVy0zV0Q0a2o0X2tqaW9KTUZodXFQcVVhUDNfR2d0VzlSUkdlcU9FdUQ3VTlwVHJ2aDJZYVhUYXY3YU9tS21wTGdfWEhYcHRsbVYzT1A2M2pScHlzSUNjcVdBQV9GUUw3TXpTNHIwdUFqVU5jMHpoSUVBeUtyV2NuYWZOLUhFZEIycC1pOF8tN05TQ2dyd3VFMmsycEVmNkZOTGl0Tm5RcGZCQmVyZEJGTDVTYnFJUHlZMWo0Z0tVYV80?oc=5\" target=\"_blank\" rel=\"nofollow noopener\">Tour de Romandie f\u00e9minin : cinq \u00e9quipes disqualifi\u00e9es pour avoir refus\u00e9 des traceurs GPS<\/a>&nbsp;&nbsp;Le Monde.fr<\/li>\n<\/ol>\n","protected":false},"excerpt":{"rendered":"Elise Chabbey remporte la 2e \u00e9tape du Tour de Romandie f\u00e9minin, Urska Zigart prend la t\u00eate du g\u00e9n\u00e9ral&nbsp;&nbsp;L&rsquo;\u00c9quipe&hellip;\n","protected":false},"author":2,"featured_media":323001,"comment_status":"","ping_status":"","sticky":false,"template":"","format":"standard","meta":{"footnotes":""},"categories":[1411],"tags":[1154,207,1011,27,60],"class_list":{"0":"post-323000","1":"post","2":"type-post","3":"status-publish","4":"format-standard","5":"has-post-thumbnail","7":"category-cyclisme","8":"tag-cycling","9":"tag-cyclisme","10":"tag-fr","11":"tag-france","12":"tag-sports"},"share_on_mastodon":{"url":"https:\/\/pubeurope.com\/@fr\/115038762339658972","error":""},"_links":{"self":[{"href":"https:\/\/www.europesays.com\/fr\/wp-json\/wp\/v2\/posts\/323000","targetHints":{"allow":["GET"]}}],"collection":[{"href":"https:\/\/www.europesays.com\/fr\/wp-json\/wp\/v2\/posts"}],"about":[{"href":"https:\/\/www.europesays.com\/fr\/wp-json\/wp\/v2\/types\/post"}],"author":[{"embeddable":true,"href":"https:\/\/www.europesays.com\/fr\/wp-json\/wp\/v2\/users\/2"}],"replies":[{"embeddable":true,"href":"https:\/\/www.europesays.com\/fr\/wp-json\/wp\/v2\/comments?post=323000"}],"version-history":[{"count":0,"href":"https:\/\/www.europesays.com\/fr\/wp-json\/wp\/v2\/posts\/323000\/revisions"}],"wp:featuredmedia":[{"embeddable":true,"href":"https:\/\/www.europesays.com\/fr\/wp-json\/wp\/v2\/media\/323001"}],"wp:attachment":[{"href":"https:\/\/www.europesays.com\/fr\/wp-json\/wp\/v2\/media?parent=323000"}],"wp:term":[{"taxonomy":"category","embeddable":true,"href":"https:\/\/www.europesays.com\/fr\/wp-json\/wp\/v2\/categories?post=323000"},{"taxonomy":"post_tag","embeddable":true,"href":"https:\/\/www.europesays.com\/fr\/wp-json\/wp\/v2\/tags?post=323000"}],"curies":[{"name":"wp","href":"https:\/\/api.w.org\/{rel}","templated":true}]}}